{"id":23533,"date":"2021-09-04T10:09:37","date_gmt":"2021-09-04T15:09:37","guid":{"rendered":"https:\/\/nvnoticias.mx\/?p=23533"},"modified":"2021-09-04T10:19:10","modified_gmt":"2021-09-04T15:19:10","slug":"diputados-discutiran-ley-de-revocacion-de-mandato","status":"publish","type":"post","link":"https:\/\/nvnoticias.mx\/index.php\/2021\/09\/04\/diputados-discutiran-ley-de-revocacion-de-mandato\/","title":{"rendered":"Diputados discutir\u00e1n Ley de Revocaci\u00f3n de Mandato"},"content":{"rendered":"\n<p>Coordinadores de Va por M\u00e9xico y de MC en la C\u00e1mara de Diputados consideraron como un logro de los senadores el que se haya modificado en el Senado la pregunta para la revocaci\u00f3n de mandato y adelantaron que revisar\u00e1n la minuta que enviar\u00e1 la C\u00e1mara Alta.<\/p>\n\n\n\n<p>La madrugada del viernes, el Senado aprob\u00f3 la nueva Ley Federal de la Revocaci\u00f3n de Mandato, pero con cambios para que la consulta sea en los t\u00e9rminos de revocaci\u00f3n y no de ratificaci\u00f3n de mandato, como pretend\u00edan Morena y sus aliados.<\/p>\n\n\n\n<p>En ese sentido, el coordinador de Morena en San L\u00e1zaro, Ignacio Mier, adelant\u00f3 que, a reserva de conocer la minuta, su posici\u00f3n es que no se debe modificar nada, pues ser\u00eda volverse a meter en un territorio que tiene como prop\u00f3sito evitar que haya lineamientos y darle la oportunidad, otra vez, de que sea el INE el que lo haga.<\/p>\n\n\n\n<p>Destac\u00f3 que finalmente se logr\u00f3 conciliar una pregunta que contar\u00e1 con los votos necesarios en el Senado: \u201cVamos en sus t\u00e9rminos, vamos a recibir la minuta, la voy a revisar, pero seguramente contar\u00e1 con el total respaldo de Morena y de la coalici\u00f3n\u201d.<\/p>\n\n\n\n<blockquote class=\"wp-block-quote is-layout-flow wp-block-quote-is-layout-flow\"><p>\u201cEllos est\u00e1n en todo su derecho y nosotros, en el derecho de disentir, y que al final pues que se vote lo que la mayor\u00eda determine y, como sucedi\u00f3 con la declaraci\u00f3n de procedencia y juicio pol\u00edtico, pues daremos el debate, haremos la defensa\u201d, indic\u00f3.<\/p><\/blockquote>\n\n\n\n<p>Asimismo, el coordinador del PAN, Jorge Romero, reconoci\u00f3 que en el Senado s\u00ed tuvieron la inteligencia de cambiar el sentido de la pregunta, pues sab\u00edan que si la manten\u00edan como en el proyecto original, hubiera sido dif\u00edcil para la Suprema Corte, en una inminente acci\u00f3n de inconstitucionalidad, rebotarla<\/p>\n\n\n\n<blockquote class=\"wp-block-quote is-layout-flow wp-block-quote-is-layout-flow\"><p>\u201cEn efecto, se est\u00e1 preguntando si se revoca o no y, en ese sentido, vamos a ir igual, a la par que nuestros compa\u00f1eros senadores del PAN\u201d, coment\u00f3.<\/p><\/blockquote>\n\n\n\n<p>Sobre el tema, Luis Espinosa Ch\u00e1zaro, l\u00edder del PRD, reconoci\u00f3 que en la redacci\u00f3n de la pregunta que hizo el Senado hubo un equilibrio, pues con la original no era una revocaci\u00f3n de mandato, sino una confirmaci\u00f3n.<\/p>\n\n\n\n<p>Adelant\u00f3 que en la parte en la que no est\u00e1 muy de acuerdo es que se ponga \u201cpor la p\u00e9rdida de confianza\u201d, pues consider\u00f3 que parece un t\u00e9rmino de car\u00e1cter subjetivo.<\/p>\n\n\n\n<p>Asimismo, el l\u00edder de MC, Jorge \u00c1lvarez, opin\u00f3 que el Senado hizo lo correcto al construir acuerdos y adelant\u00f3 que van a estudiar el tema y a dar el debate, pues siempre hay la oportunidad de revisar alguna cosa que se haya ido sin profundidad.<\/p>\n\n\n\n<p>Fuente: El universal <\/p>\n","protected":false},"excerpt":{"rendered":"<p>Coordinadores de Va por M\u00e9xico y de MC en la C\u00e1mara de Diputados consideraron como un logro de los senadores el que se haya modificado en el Senado la pregunta para la revocaci\u00f3n de mandato y adelantaron que revisar\u00e1n la minuta que enviar\u00e1 la C\u00e1mara Alta. La madrugada del viernes, el Senado aprob\u00f3 la nueva [&hellip;]<\/p>\n","protected":false},"author":35,"featured_media":8687,"comment_status":"open","ping_status":"open","sticky":false,"template":"","format":"standard","meta":{"_monsterinsights_skip_tracking":false,"_monsterinsights_sitenote_active":false,"_monsterinsights_sitenote_note":"","_monsterinsights_sitenote_category":0,"footnotes":""},"categories":[158],"tags":[1555,5654,162,369],"class_list":["post-23533","post","type-post","status-publish","format-standard","has-post-thumbnail","hentry","category-politica","tag-camara-de-diputados","tag-ley-federal-de-revocacion-de-mandato","tag-portada","tag-senado","wp-image-borders"],"amp_enabled":true,"_links":{"self":[{"href":"https:\/\/nvnoticias.mx\/index.php\/wp-json\/wp\/v2\/posts\/23533","targetHints":{"allow":["GET"]}}],"collection":[{"href":"https:\/\/nvnoticias.mx\/index.php\/wp-json\/wp\/v2\/posts"}],"about":[{"href":"https:\/\/nvnoticias.mx\/index.php\/wp-json\/wp\/v2\/types\/post"}],"author":[{"embeddable":true,"href":"https:\/\/nvnoticias.mx\/index.php\/wp-json\/wp\/v2\/users\/35"}],"replies":[{"embeddable":true,"href":"https:\/\/nvnoticias.mx\/index.php\/wp-json\/wp\/v2\/comments?post=23533"}],"version-history":[{"count":7,"href":"https:\/\/nvnoticias.mx\/index.php\/wp-json\/wp\/v2\/posts\/23533\/revisions"}],"predecessor-version":[{"id":23542,"href":"https:\/\/nvnoticias.mx\/index.php\/wp-json\/wp\/v2\/posts\/23533\/revisions\/23542"}],"wp:featuredmedia":[{"embeddable":true,"href":"https:\/\/nvnoticias.mx\/index.php\/wp-json\/wp\/v2\/media\/8687"}],"wp:attachment":[{"href":"https:\/\/nvnoticias.mx\/index.php\/wp-json\/wp\/v2\/media?parent=23533"}],"wp:term":[{"taxonomy":"category","embeddable":true,"href":"https:\/\/nvnoticias.mx\/index.php\/wp-json\/wp\/v2\/categories?post=23533"},{"taxonomy":"post_tag","embeddable":true,"href":"https:\/\/nvnoticias.mx\/index.php\/wp-json\/wp\/v2\/tags?post=23533"}],"curies":[{"name":"wp","href":"https:\/\/api.w.org\/{rel}","templated":true}]}}