{"id":23498,"date":"2021-09-03T14:28:15","date_gmt":"2021-09-03T19:28:15","guid":{"rendered":"https:\/\/nvnoticias.mx\/?p=23498"},"modified":"2021-09-03T14:28:16","modified_gmt":"2021-09-03T19:28:16","slug":"la-escuela-primaria-francisco-xavier-clavijero-cantonal","status":"publish","type":"post","link":"https:\/\/nvnoticias.mx\/index.php\/2021\/09\/03\/la-escuela-primaria-francisco-xavier-clavijero-cantonal\/","title":{"rendered":"La Escuela Primaria Francisco Xavier Clavijero \u201cCantonal\u201d"},"content":{"rendered":"\n<h2 class=\"wp-block-heading\">134 a\u00f1os al servicio de la ni\u00f1ez veracruzana\u00a0<\/h2>\n\n\n\n<p><strong>Por: Miguel Salvador Rodr\u00edguez Azueta<\/strong>&nbsp;<\/p>\n\n\n\n<p>&nbsp;Hace unos d\u00edas mi madre me entrego unas fotos que estaban bajo su resguardo, entre ellas la de mi festejo de salida de la primaria.&nbsp;<\/p>\n\n\n\n<p>Hace 37 a\u00f1os no se acostumbraba la faramalla de andar vistiendo de toga y birrete a los&nbsp;escuiencles, ni&nbsp;les&nbsp;sacaban dinero a los padres por cualquier cosa. Aquel d\u00eda solo asistimos de civil para tener un breve festejo.&nbsp;<\/p>\n\n\n\n<p>Las fotos me trajeron bellos recuerdos cuando a formaci\u00f3n en cuadro y paso marcial, con la banda de guerra, march\u00e1bamos alrededor del parque Ciriaco V\u00e1zquez antes de entrar a clases.&nbsp;<\/p>\n\n\n\n<p>Generaci\u00f3n 1978-1984 fue la m\u00eda y en ese tiempo siempre admire el enorme edificio con sus varias placas conmemorativas, su hermoso piso de m\u00e1rmol (Que ya no existe gracias a un ex presidente municipal) y sus estatuas gallardas de los pr\u00f3ceres como Madero y el mismo Ciriaco V\u00e1zquez.&nbsp; De a un lado, sobre la Avenida Miguel Lerdo, se encontraba la fabricas de Puros, en donde los chamacos nos acerc\u00e1bamos a la entrada para ver en el primer piso, al frente de las escalares un mu\u00f1eco de madera, que asemejaba un soldadito, con unos ojos que impresionaban y que se contaba, asustaba por las noches a los empleados de la f\u00e1brica. Nuestro director era el estricto y disciplinado Guillermo Casta\u00f1eda Islas,&nbsp;y el&nbsp;director de la banda de Guerra era el profesor Rogelio, que tambi\u00e9n nadie quer\u00eda tenerlo por maestro por ser sumamente&nbsp;estricto, no&nbsp;por otra cosa, esos si eran catedr\u00e1ticos de anta\u00f1o. Todav\u00eda en aquel entonces se alcanzaba a ver peque\u00f1os halcones que surcaban los cielos y en lo particular pude observar como uno de esos animalitos en una ocasi\u00f3n cazaba al vuelo a un \u201cPicho\u201d (Zanate) y se lo com\u00eda trepado en un \u00e1rbol.&nbsp;&nbsp;&nbsp;<\/p>\n\n\n\n<p>&nbsp;Muchos egresados actualmente son destacados profesionistas, como el Lic. Francisco Lara, quien era un ni\u00f1o muy eficaz en el solemne acto de ser el l\u00edder de la banda de guerra, otros distinguidos abogados como Carlos Rojas (Chito), y dem\u00e1s amigos que se me vienen a la mente que a\u00fan hoy tengo la fortuna de saludar como el travieso Salvador Bravo.&nbsp;&nbsp;&nbsp;<\/p>\n\n\n\n<p>Pero, \u00bfPor qu\u00e9 es la&nbsp;Escuela Cantonal?&nbsp; \u00bfPor qu\u00e9 el Parque Ciriaco V\u00e1zquez?&nbsp; Bien como algunos de mis lectores recordaran la demolici\u00f3n de la Muralla del puerto de&nbsp;Veracruz comenz\u00f3&nbsp;en 1880, debido a la urgencia de ampliaci\u00f3n citadina y para propiciar una urgente higienizaci\u00f3n del medio ambiente ya que predomina la fiebre amarilla, el v\u00f3mito negro, etc.&nbsp;<\/p>\n\n\n\n<p>Uno de los tramos de la muralla part\u00eda de la ahora esquina formada por la avenida Madero y la calle Ju\u00e1rez, en la l\u00ednea oblicua hacia la cercan\u00eda de la entrada al callej\u00f3n de California.&nbsp;<\/p>\n\n\n\n<p>El H. Ayuntamiento dispuso crear ah\u00ed un parque p\u00fablico al que impuso el nombre de General Ciriaco V\u00e1zquez a demanda de diversos sectores de la sociedad en reconocimiento a sus sobrados m\u00e9ritos como patriota en defensa de la naci\u00f3n en los diversos ataques que las potencias desataron contra M\u00e9xico, y por haber muerto en el combate de cerro gordo el 18 de abril de 1847 contra los yanquis invasores.&nbsp;<\/p>\n\n\n\n<p>La extraordinaria labor del normalista alem\u00e1n Enrique&nbsp;Laubscher, en Santiago Tuxtla; luego en Veracruz; m\u00e1s tarde en Alvarado y finalmente en Orizaba donde integr\u00f3 su Escuela Modelo, vino a ser en realidad el principio de la \u00fanica Reforma Educativa desarrollada en nuestro pa\u00eds.&nbsp;<\/p>\n\n\n\n<p>En 1885 el H. Ayuntamiento de&nbsp;Veracruz se&nbsp;integraba con personas de reconocida solvencia moral actuando en forma honor\u00edfica; ellos eran:&nbsp;Presidente&nbsp;Leandro M. Alcolea; S\u00edndicos, C. Guillermo Esteva y Francisco Canal, Agust\u00edn Capdevilla, Esteban Alonso, Guillermo&nbsp;Ascorve, Enrique&nbsp;Friedrichsen, Demetrio Fagoaga, Antonio M. Portilla, Domingo Valverde y Salvador Tejeda.&nbsp;<\/p>\n\n\n\n<p>Gobernador del Estado era el General&nbsp;tlacotalpe\u00f1o, liberal y patriota distinguido, Juan de la Luz Enr\u00edquez, gran impulsor de la educaci\u00f3n p\u00fablica y en la presidencia de la rep\u00fablica el C. Gral. Porfirio D\u00edaz&nbsp;Mori, bajo&nbsp;cuyo mandato se realizaron en diversas partes de la naci\u00f3n important\u00edsimas obras, muy en particular en este puerto para hacer lo funcional y eficiente como el mejor.&nbsp;<\/p>\n\n\n\n<p>Entusiasmado el cuerpo edilicio por la proyecci\u00f3n de la Escuela modelo de Orizaba, se plane\u00f3 la construcci\u00f3n de una semejante en medio del parque Ciriaco V\u00e1zquez utilizando el proyecto que gratuitamente ofreci\u00f3 el ing. Luis Villase\u00f1or.&nbsp;<\/p>\n\n\n\n<p>El 9 de marzo de 1886, la nueva comuna encabezada por el C. Guillermo Esteva hizo saber que ya hab\u00eda autorizaci\u00f3n de las altas autoridades para dicha construcci\u00f3n que se inici\u00f3 en junio al cargo del mencionado ing. Villase\u00f1or auxiliado por el Arq.&nbsp; Jos\u00e9 Mu\u00f1oz.&nbsp;<\/p>\n\n\n\n<p>&nbsp;El gobierno del Estado hab\u00eda lanzado el decreto 82 el 23 de diciembre de 1885 para la construcci\u00f3n de una escuela para varones en cada una de las cabeceras de los 18 cantones en que estaba dividida pol\u00edticamente la entidad. De ah\u00ed el nombre de Escuelas Cantonales&nbsp;<\/p>\n\n\n\n<p>La obra alcanzo un costo de $ 44,899.10 seg\u00fan informe oficial, utiliz\u00e1ndose, d\u00edgase en honor de ellos, la mano de obra de los correccionales del reclusorio.&nbsp;<\/p>\n\n\n\n<p>El regidor de instrucci\u00f3n&nbsp;p\u00fablica Antonio&nbsp;F.&nbsp;Portilla propuso&nbsp;los nombres de tres distinguidos veracruzanos para escoger de ellos el que se adjudicase al nuevo plantel; se opt\u00f3 por el de Francisco Xavier Clavijero, notable historiador, jesuita de gran renombre.&nbsp;<\/p>\n\n\n\n<p>La inauguraci\u00f3n se fij\u00f3 para el 30 de diciembre de 1887 a las 18 horas con la asistencia del ejecutivo estatal, Gral.&nbsp;Enr\u00edquez; el subsecretario interino de gobierno Alfonso Guido; C. Gustavo Esteva presidente de la H. comisi\u00f3n permanente de la legislatura; el presidente del Tribunal Superior de Justicia del Estado; el insigne fundador de la escuela NORMAL VERACRUZANA, Don Enrique Conrado&nbsp;R\u00e9bsamen: y desde luego la comuna local en pleno.&nbsp;<\/p>\n\n\n\n<p>El marco del acto fue esplendido, seg\u00fan nota de \u201cEL COMERCIAL\u201d. Al frente del edificio se instalaron los grandes sitiales de la sala capitular para los invitados de honor y detr\u00e1s, sillas y bancos que fueron suficientes para tan gran concurrencia.&nbsp;<\/p>\n\n\n\n<p>Actualmente la escuela es Mixta, y necesita del apoyo de todos sus egresados, pues requiere de mucha atenci\u00f3n en su estructura por la antig\u00fcedad del inmueble.&nbsp;&nbsp;&nbsp;Los interesados&nbsp;podr\u00e1n dirigirse a la direcci\u00f3n electr\u00f3nica:&nbsp;<a href=\"http:\/\/www.escuelaclavijero.com\/\" target=\"_blank\" rel=\"noreferrer noopener\">http:\/\/www.escuelaclavijero.com\/<\/a>&nbsp;<\/p>\n","protected":false},"excerpt":{"rendered":"<p>134 a\u00f1os al servicio de la ni\u00f1ez veracruzana\u00a0 Por: Miguel Salvador Rodr\u00edguez Azueta&nbsp; &nbsp;Hace unos d\u00edas mi madre me entrego unas fotos que estaban bajo su resguardo, entre ellas la de mi festejo de salida de la primaria.&nbsp; Hace 37 a\u00f1os no se acostumbraba la faramalla de andar vistiendo de toga y birrete a los&nbsp;escuiencles, [&hellip;]<\/p>\n","protected":false},"author":30,"featured_media":23500,"comment_status":"open","ping_status":"open","sticky":false,"template":"","format":"standard","meta":{"_monsterinsights_skip_tracking":false,"_monsterinsights_sitenote_active":false,"_monsterinsights_sitenote_note":"","_monsterinsights_sitenote_category":0,"footnotes":""},"categories":[332],"tags":[525],"class_list":["post-23498","post","type-post","status-publish","format-standard","has-post-thumbnail","hentry","category-veracruz-en-la-cultura","tag-dr-miguel-salvador-rodriguez-azueta","wp-image-borders"],"amp_enabled":true,"_links":{"self":[{"href":"https:\/\/nvnoticias.mx\/index.php\/wp-json\/wp\/v2\/posts\/23498","targetHints":{"allow":["GET"]}}],"collection":[{"href":"https:\/\/nvnoticias.mx\/index.php\/wp-json\/wp\/v2\/posts"}],"about":[{"href":"https:\/\/nvnoticias.mx\/index.php\/wp-json\/wp\/v2\/types\/post"}],"author":[{"embeddable":true,"href":"https:\/\/nvnoticias.mx\/index.php\/wp-json\/wp\/v2\/users\/30"}],"replies":[{"embeddable":true,"href":"https:\/\/nvnoticias.mx\/index.php\/wp-json\/wp\/v2\/comments?post=23498"}],"version-history":[{"count":1,"href":"https:\/\/nvnoticias.mx\/index.php\/wp-json\/wp\/v2\/posts\/23498\/revisions"}],"predecessor-version":[{"id":23499,"href":"https:\/\/nvnoticias.mx\/index.php\/wp-json\/wp\/v2\/posts\/23498\/revisions\/23499"}],"wp:featuredmedia":[{"embeddable":true,"href":"https:\/\/nvnoticias.mx\/index.php\/wp-json\/wp\/v2\/media\/23500"}],"wp:attachment":[{"href":"https:\/\/nvnoticias.mx\/index.php\/wp-json\/wp\/v2\/media?parent=23498"}],"wp:term":[{"taxonomy":"category","embeddable":true,"href":"https:\/\/nvnoticias.mx\/index.php\/wp-json\/wp\/v2\/categories?post=23498"},{"taxonomy":"post_tag","embeddable":true,"href":"https:\/\/nvnoticias.mx\/index.php\/wp-json\/wp\/v2\/tags?post=23498"}],"curies":[{"name":"wp","href":"https:\/\/api.w.org\/{rel}","templated":true}]}}