{"id":2346,"date":"2021-01-25T11:17:33","date_gmt":"2021-01-25T17:17:33","guid":{"rendered":"https:\/\/nvnoticias.mx\/?p=2346"},"modified":"2021-01-25T11:17:34","modified_gmt":"2021-01-25T17:17:34","slug":"poblacion-indigena-en-veracruz-afectada-por-el-covid-19","status":"publish","type":"post","link":"https:\/\/nvnoticias.mx\/index.php\/2021\/01\/25\/poblacion-indigena-en-veracruz-afectada-por-el-covid-19\/","title":{"rendered":"Poblaci\u00f3n ind\u00edgena en Veracruz, afectada por el covid-19"},"content":{"rendered":"\n<p><strong>Sam Ojeda \/ NV Noticias<\/strong><\/p>\n\n\n\n<p>Xalapa- La Secretar\u00eda de Salud federal report\u00f3 que en Veracruz al menos 336 personas ind\u00edgenas se han contagiado con covid-19 y 71 de ellas han fallecido a causa de esta enfermedad.<\/p>\n\n\n\n<p>Con estas cifras, la entidad veracruzana se ubica en el noveno lugar nacional en cuanto a n\u00famero ind\u00edgenas y el doceavo en cuanto a casos confirmados.<\/p>\n\n\n\n<p>A nivel nacional la cifra de ind\u00edgenas confirmados con el nuevo coronavirus es de 12 mil 526, y existen 4 mil 461 casos sospechosos a nivel nacional.<\/p>\n\n\n\n<p>El primer lugar de contagios es Yucat\u00e1n con 2 mil 273, le sigue Oaxaca con mil 187, Ciudad de M\u00e9xico con mil 1164, San Luis Potos\u00ed con 942 casos.<\/p>\n\n\n\n<p>Adem\u00e1s, Estado de M\u00e9xico con 939, Hidalgo con 805, Guerrero con 605, Michoac\u00e1n con 579, Tabasco con 482, Quintana Roo con 474 y Puebla con 441.&nbsp;<\/p>\n\n\n\n<p>El grupo de edad con mayor n\u00famero de casos reportados es el de 45 a 49 a\u00f1os, con mil 211 pacientes a nivel nacional.&nbsp;<\/p>\n\n\n\n<p>El 65 por ciento de los fallecimientos por covid-19 entre personas ind\u00edgenas ocurri\u00f3 en hombres y el 35 por ciento en mujeres; el grupo de edad con mayor n\u00famero de decesos es el de 65 a 69 a\u00f1os con 225 muertes.<\/p>\n","protected":false},"excerpt":{"rendered":"<p>El primer lugar de contagios es Yucat\u00e1n con 2 mil 273, le sigue Oaxaca con mil 187<\/p>\n","protected":false},"author":6,"featured_media":2347,"comment_status":"open","ping_status":"open","sticky":false,"template":"","format":"standard","meta":{"_monsterinsights_skip_tracking":false,"_monsterinsights_sitenote_active":false,"_monsterinsights_sitenote_note":"","_monsterinsights_sitenote_category":0,"footnotes":""},"categories":[156],"tags":[175,720,180],"class_list":["post-2346","post","type-post","status-publish","format-standard","has-post-thumbnail","hentry","category-estado","tag-covid-19","tag-indigena","tag-veracruz","wp-image-borders"],"amp_enabled":true,"_links":{"self":[{"href":"https:\/\/nvnoticias.mx\/index.php\/wp-json\/wp\/v2\/posts\/2346","targetHints":{"allow":["GET"]}}],"collection":[{"href":"https:\/\/nvnoticias.mx\/index.php\/wp-json\/wp\/v2\/posts"}],"about":[{"href":"https:\/\/nvnoticias.mx\/index.php\/wp-json\/wp\/v2\/types\/post"}],"author":[{"embeddable":true,"href":"https:\/\/nvnoticias.mx\/index.php\/wp-json\/wp\/v2\/users\/6"}],"replies":[{"embeddable":true,"href":"https:\/\/nvnoticias.mx\/index.php\/wp-json\/wp\/v2\/comments?post=2346"}],"version-history":[{"count":1,"href":"https:\/\/nvnoticias.mx\/index.php\/wp-json\/wp\/v2\/posts\/2346\/revisions"}],"predecessor-version":[{"id":2348,"href":"https:\/\/nvnoticias.mx\/index.php\/wp-json\/wp\/v2\/posts\/2346\/revisions\/2348"}],"wp:featuredmedia":[{"embeddable":true,"href":"https:\/\/nvnoticias.mx\/index.php\/wp-json\/wp\/v2\/media\/2347"}],"wp:attachment":[{"href":"https:\/\/nvnoticias.mx\/index.php\/wp-json\/wp\/v2\/media?parent=2346"}],"wp:term":[{"taxonomy":"category","embeddable":true,"href":"https:\/\/nvnoticias.mx\/index.php\/wp-json\/wp\/v2\/categories?post=2346"},{"taxonomy":"post_tag","embeddable":true,"href":"https:\/\/nvnoticias.mx\/index.php\/wp-json\/wp\/v2\/tags?post=2346"}],"curies":[{"name":"wp","href":"https:\/\/api.w.org\/{rel}","templated":true}]}}