{"id":23435,"date":"2021-09-03T11:58:43","date_gmt":"2021-09-03T16:58:43","guid":{"rendered":"https:\/\/nvnoticias.mx\/?p=23435"},"modified":"2021-09-03T11:58:44","modified_gmt":"2021-09-03T16:58:44","slug":"actor-de-la-casa-de-papel-sera-padre-de-su-primera-hija","status":"publish","type":"post","link":"https:\/\/nvnoticias.mx\/index.php\/2021\/09\/03\/actor-de-la-casa-de-papel-sera-padre-de-su-primera-hija\/","title":{"rendered":"Actor de &#8216;La casa de papel&#8217; ser\u00e1 padre de su primera hija"},"content":{"rendered":"\n<p>Se ha revelado que el popular actor tiene una buena noticia que celebrar en el \u00e1mbito personal. Lorente va a ser padre de su primera hija.<\/p>\n\n\n\n<p>Seg\u00fan ha anunciado hoy la revista&nbsp;\u00a1Hola!, Jaime Lorente ser\u00e1 padre el pr\u00f3ximo mes de noviembre fruto de la relaci\u00f3n que mantiene con una de las responsables de vestuario de&nbsp;La casa de papel.&nbsp;Ambos esperan una ni\u00f1a, y ya tienen pensado el nombre: Amaia. <\/p>\n\n\n\n<p>Fuente: La vanguardia <\/p>\n","protected":false},"excerpt":{"rendered":"<p>Se ha revelado que el popular actor tiene una buena noticia que celebrar en el \u00e1mbito personal. Lorente va a ser padre de su primera hija. Seg\u00fan ha anunciado hoy la revista&nbsp;\u00a1Hola!, Jaime Lorente ser\u00e1 padre el pr\u00f3ximo mes de noviembre fruto de la relaci\u00f3n que mantiene con una de las responsables de vestuario de&nbsp;La [&hellip;]<\/p>\n","protected":false},"author":35,"featured_media":23442,"comment_status":"open","ping_status":"open","sticky":false,"template":"","format":"standard","meta":{"_monsterinsights_skip_tracking":false,"_monsterinsights_sitenote_active":false,"_monsterinsights_sitenote_note":"","_monsterinsights_sitenote_category":0,"footnotes":""},"categories":[576],"tags":[5940,3923],"class_list":["post-23435","post","type-post","status-publish","format-standard","has-post-thumbnail","hentry","category-ocio","tag-jaime-lorente","tag-la-casa-de-papel","wp-image-borders"],"amp_enabled":true,"_links":{"self":[{"href":"https:\/\/nvnoticias.mx\/index.php\/wp-json\/wp\/v2\/posts\/23435","targetHints":{"allow":["GET"]}}],"collection":[{"href":"https:\/\/nvnoticias.mx\/index.php\/wp-json\/wp\/v2\/posts"}],"about":[{"href":"https:\/\/nvnoticias.mx\/index.php\/wp-json\/wp\/v2\/types\/post"}],"author":[{"embeddable":true,"href":"https:\/\/nvnoticias.mx\/index.php\/wp-json\/wp\/v2\/users\/35"}],"replies":[{"embeddable":true,"href":"https:\/\/nvnoticias.mx\/index.php\/wp-json\/wp\/v2\/comments?post=23435"}],"version-history":[{"count":5,"href":"https:\/\/nvnoticias.mx\/index.php\/wp-json\/wp\/v2\/posts\/23435\/revisions"}],"predecessor-version":[{"id":23443,"href":"https:\/\/nvnoticias.mx\/index.php\/wp-json\/wp\/v2\/posts\/23435\/revisions\/23443"}],"wp:featuredmedia":[{"embeddable":true,"href":"https:\/\/nvnoticias.mx\/index.php\/wp-json\/wp\/v2\/media\/23442"}],"wp:attachment":[{"href":"https:\/\/nvnoticias.mx\/index.php\/wp-json\/wp\/v2\/media?parent=23435"}],"wp:term":[{"taxonomy":"category","embeddable":true,"href":"https:\/\/nvnoticias.mx\/index.php\/wp-json\/wp\/v2\/categories?post=23435"},{"taxonomy":"post_tag","embeddable":true,"href":"https:\/\/nvnoticias.mx\/index.php\/wp-json\/wp\/v2\/tags?post=23435"}],"curies":[{"name":"wp","href":"https:\/\/api.w.org\/{rel}","templated":true}]}}