{"id":231196,"date":"2026-09-05T17:35:54","date_gmt":"2026-09-05T23:35:54","guid":{"rendered":"https:\/\/nvnoticias.mx\/?p=231196"},"modified":"2026-09-05T17:35:59","modified_gmt":"2026-09-05T23:35:59","slug":"trump-quitara-proteccion-al-lobo-gris-mexicano","status":"publish","type":"post","link":"https:\/\/nvnoticias.mx\/index.php\/2026\/09\/05\/trump-quitara-proteccion-al-lobo-gris-mexicano\/","title":{"rendered":"Trump quitar\u00e1 protecci\u00f3n al lobo gris mexicano"},"content":{"rendered":"\n<p class=\"wp-block-paragraph\"><\/p>\n\n\n\n<p class=\"wp-block-paragraph\">El presidente\u00a0<strong>Donald Trump<\/strong>\u00a0firm\u00f3 una orden ejecutiva para revisar las\u00a0protecciones federales que tienen\u00a0el\u00a0<strong>lobo gris y el lobo gris mexicano<\/strong>, una medida que podr\u00eda abrir la puerta a retirar a estas especies de la lista de animales en peligro de extinci\u00f3n en Estados Unidos.<\/p>\n\n\n\n<p class=\"wp-block-paragraph\">La orden, firmada el&nbsp;<strong>4 de septiembre de 2026<\/strong>, forma parte de las acciones de la administraci\u00f3n Trump para respaldar a los ganaderos estadounidenses, quienes han denunciado p\u00e9rdidas de ganado por ataques de lobos.<\/p>\n\n\n\n<p class=\"wp-block-paragraph\">El documento instruye al secretario del Interior,&nbsp;<strong>Doug Burgum<\/strong>, a determinar en un plazo de&nbsp;<strong>90 d\u00edas<\/strong>&nbsp;si el lobo gris y el lobo gris mexicano cumplen con los criterios de recuperaci\u00f3n establecidos por la&nbsp;<strong>Ley de Especies en Peligro de Extinci\u00f3n (ESA)<\/strong>.<\/p>\n\n\n\n<p class=\"wp-block-paragraph\">Si la administraci\u00f3n concluye que las especies cumplen con dichos requisitos, deber\u00e1 comenzar el proceso para&nbsp;<strong>retirar o reducir sus protecciones federales<\/strong>.<\/p>\n\n\n\n<p class=\"wp-block-paragraph\">La medida tambi\u00e9n contempla elaborar recomendaciones legislativas para retirar o reducir esas protecciones y dialogar con los estados para modificar sus propias normas sobre estas especies.<\/p>\n\n\n\n<p class=\"wp-block-paragraph\">La orden de Trump tambi\u00e9n pide revisar las reglas relacionadas con los casos en que los lobos son se\u00f1alados por atacar ganado.<\/p>\n\n\n\n<p class=\"wp-block-paragraph\">El gobierno estadounidense analizar\u00e1 cambios que permitan una respuesta m\u00e1s r\u00e1pida ante amenazas contra&nbsp;<strong>ganado dom\u00e9stico o la seguridad de las personas<\/strong>, incluyendo la posibilidad de autorizar la eliminaci\u00f3n letal de ejemplares en determinadas circunstancias y conforme a la legislaci\u00f3n aplicable.<\/p>\n\n\n\n<p class=\"wp-block-paragraph\">Esto&nbsp;<strong>no significa que el lobo mexicano haya perdido autom\u00e1ticamente su protecci\u00f3n este viernes<\/strong>. Primero debe realizarse la revisi\u00f3n y, en su caso, iniciar formalmente el procedimiento para modificar su estatus.<\/p>\n","protected":false},"excerpt":{"rendered":"<p>El presidente\u00a0Donald Trump\u00a0firm\u00f3 una orden ejecutiva para revisar las\u00a0protecciones federales que tienen\u00a0el\u00a0lobo gris y el lobo gris mexicano, una medida que podr\u00eda abrir la puerta a retirar a estas especies de la lista de animales en peligro de extinci\u00f3n en Estados Unidos. La orden, firmada el&nbsp;4 de septiembre de 2026, forma parte de las acciones [&hellip;]<\/p>\n","protected":false},"author":8,"featured_media":231197,"comment_status":"open","ping_status":"open","sticky":false,"template":"","format":"standard","meta":{"_monsterinsights_skip_tracking":false,"footnotes":""},"categories":[181],"tags":[183,33914,2063],"class_list":["post-231196","post","type-post","status-publish","format-standard","has-post-thumbnail","hentry","category-internacional","tag-estados-unidos","tag-lobo-gris-mexicano","tag-proteccion","wp-image-borders"],"amp_enabled":true,"_links":{"self":[{"href":"https:\/\/nvnoticias.mx\/index.php\/wp-json\/wp\/v2\/posts\/231196","targetHints":{"allow":["GET"]}}],"collection":[{"href":"https:\/\/nvnoticias.mx\/index.php\/wp-json\/wp\/v2\/posts"}],"about":[{"href":"https:\/\/nvnoticias.mx\/index.php\/wp-json\/wp\/v2\/types\/post"}],"author":[{"embeddable":true,"href":"https:\/\/nvnoticias.mx\/index.php\/wp-json\/wp\/v2\/users\/8"}],"replies":[{"embeddable":true,"href":"https:\/\/nvnoticias.mx\/index.php\/wp-json\/wp\/v2\/comments?post=231196"}],"version-history":[{"count":1,"href":"https:\/\/nvnoticias.mx\/index.php\/wp-json\/wp\/v2\/posts\/231196\/revisions"}],"predecessor-version":[{"id":231198,"href":"https:\/\/nvnoticias.mx\/index.php\/wp-json\/wp\/v2\/posts\/231196\/revisions\/231198"}],"wp:featuredmedia":[{"embeddable":true,"href":"https:\/\/nvnoticias.mx\/index.php\/wp-json\/wp\/v2\/media\/231197"}],"wp:attachment":[{"href":"https:\/\/nvnoticias.mx\/index.php\/wp-json\/wp\/v2\/media?parent=231196"}],"wp:term":[{"taxonomy":"category","embeddable":true,"href":"https:\/\/nvnoticias.mx\/index.php\/wp-json\/wp\/v2\/categories?post=231196"},{"taxonomy":"post_tag","embeddable":true,"href":"https:\/\/nvnoticias.mx\/index.php\/wp-json\/wp\/v2\/tags?post=231196"}],"curies":[{"name":"wp","href":"https:\/\/api.w.org\/{rel}","templated":true}]}}