{"id":231192,"date":"2026-09-05T17:20:30","date_gmt":"2026-09-05T23:20:30","guid":{"rendered":"https:\/\/nvnoticias.mx\/?p=231192"},"modified":"2026-09-05T17:20:35","modified_gmt":"2026-09-05T23:20:35","slug":"lineas-celulares-suspendidas-podrian-ser-reactivadas","status":"publish","type":"post","link":"https:\/\/nvnoticias.mx\/index.php\/2026\/09\/05\/lineas-celulares-suspendidas-podrian-ser-reactivadas\/","title":{"rendered":"L\u00edneas celulares suspendidas podr\u00edan ser reactivadas"},"content":{"rendered":"\n<p class=\"wp-block-paragraph\"><\/p>\n\n\n\n<p class=\"wp-block-paragraph\">Las personas que tengan una l\u00ednea de celular con&nbsp;<strong>terminaci\u00f3n 1<\/strong>&nbsp;y no hayan realizado el proceso de vinculaci\u00f3n antes del 31 de agosto podr\u00e1n recuperar el servicio una vez que completen el registro ante su compa\u00f1\u00eda telef\u00f3nica.<\/p>\n\n\n\n<p class=\"wp-block-paragraph\">La<a href=\"https:\/\/www.gob.mx\/crt\/prensa\/las-lineas-con-terminacion-1-suspendidas-se-reactivaran-al-completar-su-vinculacion\">\u00a0<\/a><strong>Comisi\u00f3n Reguladora de Telecomunicaciones\u00a0(CRT)<\/strong>\u00a0inform\u00f3 que la suspensi\u00f3n de las l\u00edneas que no fueron vinculadas podr\u00e1 realizarse de manera gradual durante las\u00a0<strong>72 horas posteriores al primer minuto del 1 de septiembre<\/strong>.<\/p>\n\n\n\n<h3 class=\"wp-block-heading\">\u00bfC\u00f3mo reactivar una l\u00ednea suspendida?<\/h3>\n\n\n\n<p class=\"wp-block-paragraph\"><\/p>\n\n\n\n<p class=\"wp-block-paragraph\">La vinculaci\u00f3n puede realizarse de dos maneras:<\/p>\n\n\n\n<ul class=\"wp-block-list\">\n<li><strong>En l\u00ednea:<\/strong>\u00a0desde el propio tel\u00e9fono celular, a trav\u00e9s de la plataforma oficial del proveedor de telefon\u00eda m\u00f3vil. El tr\u00e1mite puede hacerse aunque la l\u00ednea est\u00e9 suspendida o no tenga saldo, debido a que la navegaci\u00f3n en estos sitios no consume datos.<\/li>\n\n\n\n<li><strong>De manera presencial:<\/strong>\u00a0en cualquier Centro de Atenci\u00f3n de la compa\u00f1\u00eda telef\u00f3nica, donde el personal apoyar\u00e1 al usuario para completar el proceso.<\/li>\n<\/ul>\n\n\n\n<p class=\"wp-block-paragraph\">La CRT se\u00f1al\u00f3 que, una vez realizada la vinculaci\u00f3n,&nbsp;<strong>el servicio se reactiva de manera inmediata<\/strong>.<\/p>\n\n\n\n<p class=\"wp-block-paragraph\">Para consultar los sitios oficiales de las compa\u00f1\u00edas telef\u00f3nicas donde se puede realizar el procedimiento, la ciudadan\u00eda puede ingresar al portal de la CRT:&nbsp;<a href=\"http:\/\/registratulinea.crt.gob.mx\/?utm_source=chatgpt.com\" rel=\"noopener\" target=\"_blank\">registratulinea.crt.gob.mx<\/a>.<\/p>\n\n\n\n<h3 class=\"wp-block-heading\">\u00bfQu\u00e9 se necesita para vincular la l\u00ednea?<\/h3>\n\n\n\n<p class=\"wp-block-paragraph\">Para completar el proceso \u00fanicamente se requiere presentar&nbsp;<strong>una identificaci\u00f3n oficial vigente con CURP<\/strong>.<\/p>\n\n\n\n<p class=\"wp-block-paragraph\">La CRT aclar\u00f3 que&nbsp;<strong>no se almacenan datos biom\u00e9tricos<\/strong>&nbsp;durante el procedimiento.<\/p>\n\n\n\n<p class=\"wp-block-paragraph\">Las personas que tengan dudas tambi\u00e9n pueden comunicarse al correo&nbsp;<em><a>dudasvinculacion@crt.gob.mx<\/a><\/em>&nbsp;o llamar al&nbsp;<strong>079<\/strong>, n\u00famero de atenci\u00f3n ciudadana del Gobierno de M\u00e9xico, disponible las 24 horas.<\/p>\n\n\n\n<h3 class=\"wp-block-heading\">Pr\u00f3xima fecha de vinculaci\u00f3n<\/h3>\n\n\n\n<p class=\"wp-block-paragraph\">El calendario continuar\u00e1 de manera escalonada.&nbsp;<strong>El pr\u00f3ximo 15 de septiembre corresponde a las l\u00edneas con terminaci\u00f3n 2<\/strong>.<\/p>\n\n\n\n<p class=\"wp-block-paragraph\">Sin embargo, la CRT indic\u00f3 que las personas con l\u00edneas que tengan cualquier otra terminaci\u00f3n pueden realizar la vinculaci\u00f3n desde ahora, con el objetivo de evitar una posible interrupci\u00f3n del servicio y filas de \u00faltimo momento.<\/p>\n","protected":false},"excerpt":{"rendered":"<p>Las personas que tengan una l\u00ednea de celular con&nbsp;terminaci\u00f3n 1&nbsp;y no hayan realizado el proceso de vinculaci\u00f3n antes del 31 de agosto podr\u00e1n recuperar el servicio una vez que completen el registro ante su compa\u00f1\u00eda telef\u00f3nica. La\u00a0Comisi\u00f3n Reguladora de Telecomunicaciones\u00a0(CRT)\u00a0inform\u00f3 que la suspensi\u00f3n de las l\u00edneas que no fueron vinculadas podr\u00e1 realizarse de manera gradual [&hellip;]<\/p>\n","protected":false},"author":8,"featured_media":16998,"comment_status":"open","ping_status":"open","sticky":false,"template":"","format":"standard","meta":{"_monsterinsights_skip_tracking":false,"footnotes":""},"categories":[157],"tags":[20663,2640],"class_list":["post-231192","post","type-post","status-publish","format-standard","has-post-thumbnail","hentry","category-nacional","tag-celulares","tag-registro","wp-image-borders"],"amp_enabled":true,"_links":{"self":[{"href":"https:\/\/nvnoticias.mx\/index.php\/wp-json\/wp\/v2\/posts\/231192","targetHints":{"allow":["GET"]}}],"collection":[{"href":"https:\/\/nvnoticias.mx\/index.php\/wp-json\/wp\/v2\/posts"}],"about":[{"href":"https:\/\/nvnoticias.mx\/index.php\/wp-json\/wp\/v2\/types\/post"}],"author":[{"embeddable":true,"href":"https:\/\/nvnoticias.mx\/index.php\/wp-json\/wp\/v2\/users\/8"}],"replies":[{"embeddable":true,"href":"https:\/\/nvnoticias.mx\/index.php\/wp-json\/wp\/v2\/comments?post=231192"}],"version-history":[{"count":1,"href":"https:\/\/nvnoticias.mx\/index.php\/wp-json\/wp\/v2\/posts\/231192\/revisions"}],"predecessor-version":[{"id":231193,"href":"https:\/\/nvnoticias.mx\/index.php\/wp-json\/wp\/v2\/posts\/231192\/revisions\/231193"}],"wp:featuredmedia":[{"embeddable":true,"href":"https:\/\/nvnoticias.mx\/index.php\/wp-json\/wp\/v2\/media\/16998"}],"wp:attachment":[{"href":"https:\/\/nvnoticias.mx\/index.php\/wp-json\/wp\/v2\/media?parent=231192"}],"wp:term":[{"taxonomy":"category","embeddable":true,"href":"https:\/\/nvnoticias.mx\/index.php\/wp-json\/wp\/v2\/categories?post=231192"},{"taxonomy":"post_tag","embeddable":true,"href":"https:\/\/nvnoticias.mx\/index.php\/wp-json\/wp\/v2\/tags?post=231192"}],"curies":[{"name":"wp","href":"https:\/\/api.w.org\/{rel}","templated":true}]}}