{"id":231190,"date":"2026-09-05T17:06:17","date_gmt":"2026-09-05T23:06:17","guid":{"rendered":"https:\/\/nvnoticias.mx\/?p=231190"},"modified":"2026-09-05T17:06:22","modified_gmt":"2026-09-05T23:06:22","slug":"sedena-revela-entrenamiento-de-militares-mexicanos-en-eu","status":"publish","type":"post","link":"https:\/\/nvnoticias.mx\/index.php\/2026\/09\/05\/sedena-revela-entrenamiento-de-militares-mexicanos-en-eu\/","title":{"rendered":"Sedena revela entrenamiento de militares mexicanos en EU"},"content":{"rendered":"\n<p class=\"wp-block-paragraph\"><\/p>\n\n\n\n<p class=\"wp-block-paragraph\">El secretario de la Defensa Nacional,&nbsp;<strong>Ricardo Trevilla Trejo<\/strong>, inform\u00f3 que elementos del Ej\u00e9rcito Mexicano mantienen un programa de adiestramiento peri\u00f3dico con fuerzas de Estados Unidos, como parte de los esfuerzos para mejorar la compatibilidad operativa entre ambos pa\u00edses.<\/p>\n\n\n\n<p class=\"wp-block-paragraph\">Durante su intervenci\u00f3n, el titular de la&nbsp;<strong>Sedena<\/strong>&nbsp;detall\u00f3 que actualmente un&nbsp;<strong>Batall\u00f3n de Fusileros Paracaidistas del Ej\u00e9rcito Mexicano<\/strong>&nbsp;se encuentra en&nbsp;<strong>Fort Polk, Estados Unidos<\/strong>, donde participa en un ejercicio de entrenamiento.<\/p>\n\n\n\n<p class=\"wp-block-paragraph\">Trevilla Trejo explic\u00f3 que los militares mexicanos llegaron a las instalaciones el&nbsp;<strong>17 de agosto<\/strong>&nbsp;y concluir\u00edan su adiestramiento el&nbsp;<strong>3 de septiembre<\/strong>.<\/p>\n\n\n\n<p class=\"wp-block-paragraph\">El secretario se\u00f1al\u00f3 que este tipo de ejercicios no son nuevos y que, desde&nbsp;<strong>2022<\/strong>, unidades del Ej\u00e9rcito Mexicano han acudido peri\u00f3dicamente a instalaciones militares estadounidenses para fortalecer sus capacidades.<\/p>\n\n\n\n<h2 class=\"wp-block-heading\">Militares de EU tambi\u00e9n entrenar\u00e1n en Chihuahua<\/h2>\n\n\n\n<p class=\"wp-block-paragraph\"><\/p>\n\n\n\n<p class=\"wp-block-paragraph\">Como parte de este intercambio, el titular de la Sedena indic\u00f3 que elementos de Estados Unidos tambi\u00e9n participan en actividades de entrenamiento en M\u00e9xico.<\/p>\n\n\n\n<p class=\"wp-block-paragraph\">En ese sentido, adelant\u00f3 que&nbsp;<strong>una compa\u00f1\u00eda estadounidense acudir\u00e1 a finales de septiembre al Centro Nacional de Adiestramiento, ubicado en Chihuahua<\/strong>, para realizar ejercicios con personal mexicano.<\/p>\n\n\n\n<p class=\"wp-block-paragraph\">De acuerdo con Trevilla Trejo, uno de los principales objetivos de estas actividades es alcanzar una&nbsp;<strong>compatibilidad operativa<\/strong>&nbsp;que permita a las fuerzas de ambos pa\u00edses coordinarse de mejor manera.<\/p>\n\n\n\n<p class=\"wp-block-paragraph\">El funcionario destac\u00f3 que esta coordinaci\u00f3n ya ha sido de utilidad en las denominadas&nbsp;<strong>\u201cOperaciones Espejo\u201d<\/strong>, realizadas de manera conjunta en la zona fronteriza.<\/p>\n","protected":false},"excerpt":{"rendered":"<p>El secretario de la Defensa Nacional,&nbsp;Ricardo Trevilla Trejo, inform\u00f3 que elementos del Ej\u00e9rcito Mexicano mantienen un programa de adiestramiento peri\u00f3dico con fuerzas de Estados Unidos, como parte de los esfuerzos para mejorar la compatibilidad operativa entre ambos pa\u00edses. Durante su intervenci\u00f3n, el titular de la&nbsp;Sedena&nbsp;detall\u00f3 que actualmente un&nbsp;Batall\u00f3n de Fusileros Paracaidistas del Ej\u00e9rcito Mexicano&nbsp;se encuentra [&hellip;]<\/p>\n","protected":false},"author":8,"featured_media":76895,"comment_status":"open","ping_status":"open","sticky":false,"template":"","format":"standard","meta":{"_monsterinsights_skip_tracking":false,"footnotes":""},"categories":[157],"tags":[14167,183,1604],"class_list":["post-231190","post","type-post","status-publish","format-standard","has-post-thumbnail","hentry","category-nacional","tag-entrenamiento","tag-estados-unidos","tag-militares","wp-image-borders"],"amp_enabled":true,"_links":{"self":[{"href":"https:\/\/nvnoticias.mx\/index.php\/wp-json\/wp\/v2\/posts\/231190","targetHints":{"allow":["GET"]}}],"collection":[{"href":"https:\/\/nvnoticias.mx\/index.php\/wp-json\/wp\/v2\/posts"}],"about":[{"href":"https:\/\/nvnoticias.mx\/index.php\/wp-json\/wp\/v2\/types\/post"}],"author":[{"embeddable":true,"href":"https:\/\/nvnoticias.mx\/index.php\/wp-json\/wp\/v2\/users\/8"}],"replies":[{"embeddable":true,"href":"https:\/\/nvnoticias.mx\/index.php\/wp-json\/wp\/v2\/comments?post=231190"}],"version-history":[{"count":1,"href":"https:\/\/nvnoticias.mx\/index.php\/wp-json\/wp\/v2\/posts\/231190\/revisions"}],"predecessor-version":[{"id":231191,"href":"https:\/\/nvnoticias.mx\/index.php\/wp-json\/wp\/v2\/posts\/231190\/revisions\/231191"}],"wp:featuredmedia":[{"embeddable":true,"href":"https:\/\/nvnoticias.mx\/index.php\/wp-json\/wp\/v2\/media\/76895"}],"wp:attachment":[{"href":"https:\/\/nvnoticias.mx\/index.php\/wp-json\/wp\/v2\/media?parent=231190"}],"wp:term":[{"taxonomy":"category","embeddable":true,"href":"https:\/\/nvnoticias.mx\/index.php\/wp-json\/wp\/v2\/categories?post=231190"},{"taxonomy":"post_tag","embeddable":true,"href":"https:\/\/nvnoticias.mx\/index.php\/wp-json\/wp\/v2\/tags?post=231190"}],"curies":[{"name":"wp","href":"https:\/\/api.w.org\/{rel}","templated":true}]}}