{"id":231179,"date":"2026-09-05T14:27:19","date_gmt":"2026-09-05T20:27:19","guid":{"rendered":"https:\/\/nvnoticias.mx\/?p=231179"},"modified":"2026-09-05T14:28:13","modified_gmt":"2026-09-05T20:28:13","slug":"atiende-dif-caso-de-agresion-entre-estudiantes-del-cetis-15","status":"publish","type":"post","link":"https:\/\/nvnoticias.mx\/index.php\/2026\/09\/05\/atiende-dif-caso-de-agresion-entre-estudiantes-del-cetis-15\/","title":{"rendered":"Atiende DIF caso de agresi\u00f3n entre estudiantes del CETIS 15"},"content":{"rendered":"\n<p class=\"wp-block-paragraph\"><\/p>\n\n\n\n<p class=\"wp-block-paragraph\"><strong>Jes\u00fas Utrilla \/ NV Noticias <\/strong><\/p>\n\n\n\n<p class=\"wp-block-paragraph\">El DIF Municipal de Veracruz, dio seguimiento al caso de agresi\u00f3n entre estudiantes del CETIS 15 que fue difundido recientemente a trav\u00e9s de redes sociales y portales de internet.<\/p>\n\n\n\n<p class=\"wp-block-paragraph\">La dependencia inform\u00f3 que, en coordinaci\u00f3n con el Sistema de Protecci\u00f3n Integral de Ni\u00f1as, Ni\u00f1os y Adolescentes (SIPINNA), estableci\u00f3 comunicaci\u00f3n con las autoridades educativas del plantel para conocer la situaci\u00f3n y las acciones implementadas.<\/p>\n\n\n\n<p class=\"wp-block-paragraph\">Daniela Lily Hern\u00e1ndez, presidenta del DIF, dijo que de acuerdo con la informaci\u00f3n proporcionada por el CETIS 15, el plantel mantiene comunicaci\u00f3n con los padres de ambos estudiantes y activ\u00f3 los protocolos escolares correspondientes para atender a los adolescentes involucrados.<\/p>\n\n\n\n<p class=\"wp-block-paragraph\">El DIF Municipal se\u00f1al\u00f3 que el caso ser\u00e1 canalizado al Sistema Municipal de Protecci\u00f3n Integral de Ni\u00f1as, Ni\u00f1os y Adolescentes, con el objetivo de brindar atenci\u00f3n psicol\u00f3gica a los estudiantes y dar seguimiento puntual a su situaci\u00f3n.<\/p>\n\n\n\n<p class=\"wp-block-paragraph\">La dependencia precis\u00f3 que, tras revisar el caso, se confirm\u00f3 que el video difundido en redes sociales no corresponde a un hecho reciente, sino a una agresi\u00f3n ocurrida en febrero de este a\u00f1o.<\/p>\n\n\n\n<p class=\"wp-block-paragraph\">El DIF Municipal reiter\u00f3 que continuar\u00e1 acompa\u00f1ando el caso y coordin\u00e1ndose con las autoridades educativas y las familias para garantizar la atenci\u00f3n y protecci\u00f3n de los adolescentes involucrados.<\/p>\n\n\n\n<p class=\"wp-block-paragraph\">El CETIS 15 \u201cEpigmenio Gonz\u00e1lez\u201d inform\u00f3 previamente que, desde que tuvo conocimiento de la agresi\u00f3n, se realizaron acciones de atenci\u00f3n, seguimiento e intervenci\u00f3n, con la participaci\u00f3n de las \u00e1reas responsables del plantel y de las madres, padres o tutores de los estudiantes involucrados.<\/p>\n\n\n\n<p class=\"wp-block-paragraph\">La instituci\u00f3n se\u00f1al\u00f3 que se determinaron y aplicaron medidas disciplinarias y formativas conforme a los Acuerdos de Convivencia Escolar y a las disposiciones de la Ley N\u00famero 303 contra el Acoso Escolar para el Estado de Veracruz. Aunque ambos estudiantes manifestaron no mantener actualmente una ri\u00f1a o conflicto entre ellos, el plantel reconoci\u00f3 que ello no resta importancia a los hechos ocurridos.<\/p>\n\n\n\n<p class=\"wp-block-paragraph\">Asimismo, el CETIS 15 llam\u00f3 a evitar la difusi\u00f3n y reproducci\u00f3n de las im\u00e1genes, debido a que se trata de adolescentes y su exposici\u00f3n puede afectar su dignidad, privacidad y bienestar. La instituci\u00f3n sostuvo que no tolera ni normaliza la violencia y afirm\u00f3 que fortalecer\u00e1 acciones enfocadas en la cultura de paz, el di\u00e1logo, la resoluci\u00f3n pac\u00edfica de conflictos y el bienestar socioemocional de los estudiantes.<\/p>\n","protected":false},"excerpt":{"rendered":"<p>Jes\u00fas Utrilla \/ NV Noticias El DIF Municipal de Veracruz, dio seguimiento al caso de agresi\u00f3n entre estudiantes del CETIS 15 que fue difundido recientemente a trav\u00e9s de redes sociales y portales de internet. La dependencia inform\u00f3 que, en coordinaci\u00f3n con el Sistema de Protecci\u00f3n Integral de Ni\u00f1as, Ni\u00f1os y Adolescentes (SIPINNA), estableci\u00f3 comunicaci\u00f3n con [&hellip;]<\/p>\n","protected":false},"author":8,"featured_media":231180,"comment_status":"open","ping_status":"open","sticky":false,"template":"","format":"standard","meta":{"_monsterinsights_skip_tracking":false,"footnotes":""},"categories":[154],"tags":[2229,33912,6343,162],"class_list":["post-231179","post","type-post","status-publish","format-standard","has-post-thumbnail","hentry","category-veracruz","tag-agresion","tag-cetis-15","tag-dif-de-veracruz","tag-portada","wp-image-borders"],"amp_enabled":true,"_links":{"self":[{"href":"https:\/\/nvnoticias.mx\/index.php\/wp-json\/wp\/v2\/posts\/231179","targetHints":{"allow":["GET"]}}],"collection":[{"href":"https:\/\/nvnoticias.mx\/index.php\/wp-json\/wp\/v2\/posts"}],"about":[{"href":"https:\/\/nvnoticias.mx\/index.php\/wp-json\/wp\/v2\/types\/post"}],"author":[{"embeddable":true,"href":"https:\/\/nvnoticias.mx\/index.php\/wp-json\/wp\/v2\/users\/8"}],"replies":[{"embeddable":true,"href":"https:\/\/nvnoticias.mx\/index.php\/wp-json\/wp\/v2\/comments?post=231179"}],"version-history":[{"count":1,"href":"https:\/\/nvnoticias.mx\/index.php\/wp-json\/wp\/v2\/posts\/231179\/revisions"}],"predecessor-version":[{"id":231181,"href":"https:\/\/nvnoticias.mx\/index.php\/wp-json\/wp\/v2\/posts\/231179\/revisions\/231181"}],"wp:featuredmedia":[{"embeddable":true,"href":"https:\/\/nvnoticias.mx\/index.php\/wp-json\/wp\/v2\/media\/231180"}],"wp:attachment":[{"href":"https:\/\/nvnoticias.mx\/index.php\/wp-json\/wp\/v2\/media?parent=231179"}],"wp:term":[{"taxonomy":"category","embeddable":true,"href":"https:\/\/nvnoticias.mx\/index.php\/wp-json\/wp\/v2\/categories?post=231179"},{"taxonomy":"post_tag","embeddable":true,"href":"https:\/\/nvnoticias.mx\/index.php\/wp-json\/wp\/v2\/tags?post=231179"}],"curies":[{"name":"wp","href":"https:\/\/api.w.org\/{rel}","templated":true}]}}