{"id":231172,"date":"2026-09-05T10:32:07","date_gmt":"2026-09-05T16:32:07","guid":{"rendered":"https:\/\/nvnoticias.mx\/?p=231172"},"modified":"2026-09-05T10:32:12","modified_gmt":"2026-09-05T16:32:12","slug":"daran-el-ultimo-adios-a-zenyazen-escobar-este-sabado","status":"publish","type":"post","link":"https:\/\/nvnoticias.mx\/index.php\/2026\/09\/05\/daran-el-ultimo-adios-a-zenyazen-escobar-este-sabado\/","title":{"rendered":"Dar\u00e1n el \u00faltimo adi\u00f3s a Zenyazen Escobar este s\u00e1bado"},"content":{"rendered":"\n<p class=\"wp-block-paragraph\"><\/p>\n\n\n\n<p class=\"wp-block-paragraph\">El diputado federal&nbsp;<strong>Zenyazen Escobar Garc\u00eda<\/strong>&nbsp;ser\u00e1 velado este s\u00e1bado 5 de septiembre en Xalapa, de acuerdo con la invitaci\u00f3n difundida por su familia.<\/p>\n\n\n\n<p class=\"wp-block-paragraph\">La familia Escobar L\u00f3pez agradeci\u00f3 las muestras de cari\u00f1o, solidaridad y respeto recibidas tras el fallecimiento del legislador e invit\u00f3 a familiares, amigos y personas cercanas a acompa\u00f1arlos para rendir homenaje a su vida y memoria.<\/p>\n\n\n\n<p class=\"wp-block-paragraph\">El servicio funerario se realizar\u00e1 en la Funeraria Bosques del Recuerdo, ubicada en la calle Rafael Murillo Vidal n\u00famero 196, en Xalapa.<\/p>\n\n\n\n<p class=\"wp-block-paragraph\">De acuerdo con la esquela, la velaci\u00f3n comenzar\u00e1 a partir de las 10:00 horas de este s\u00e1bado 5 de septiembre de 2026.<\/p>\n\n\n\n<p class=\"wp-block-paragraph\">\u201cLes invitamos a acompa\u00f1arnos a rendir tributo a su vida y memoria en Xalapa, Veracruz\u201d, se\u00f1ala el mensaje difundido por la familia.<\/p>\n\n\n\n<p class=\"wp-block-paragraph\">La invitaci\u00f3n est\u00e1 firmada por su esposa y sus hijas, quienes tambi\u00e9n agradecieron las expresiones de solidaridad recibidas.<\/p>\n","protected":false},"excerpt":{"rendered":"<p>El diputado federal&nbsp;Zenyazen Escobar Garc\u00eda&nbsp;ser\u00e1 velado este s\u00e1bado 5 de septiembre en Xalapa, de acuerdo con la invitaci\u00f3n difundida por su familia. La familia Escobar L\u00f3pez agradeci\u00f3 las muestras de cari\u00f1o, solidaridad y respeto recibidas tras el fallecimiento del legislador e invit\u00f3 a familiares, amigos y personas cercanas a acompa\u00f1arlos para rendir homenaje a su [&hellip;]<\/p>\n","protected":false},"author":8,"featured_media":231173,"comment_status":"open","ping_status":"open","sticky":false,"template":"","format":"standard","meta":{"_monsterinsights_skip_tracking":false,"footnotes":""},"categories":[156],"tags":[162,23682,1424],"class_list":["post-231172","post","type-post","status-publish","format-standard","has-post-thumbnail","hentry","category-estado","tag-portada","tag-velorio","tag-zenyazen-escobar","wp-image-borders"],"amp_enabled":true,"_links":{"self":[{"href":"https:\/\/nvnoticias.mx\/index.php\/wp-json\/wp\/v2\/posts\/231172","targetHints":{"allow":["GET"]}}],"collection":[{"href":"https:\/\/nvnoticias.mx\/index.php\/wp-json\/wp\/v2\/posts"}],"about":[{"href":"https:\/\/nvnoticias.mx\/index.php\/wp-json\/wp\/v2\/types\/post"}],"author":[{"embeddable":true,"href":"https:\/\/nvnoticias.mx\/index.php\/wp-json\/wp\/v2\/users\/8"}],"replies":[{"embeddable":true,"href":"https:\/\/nvnoticias.mx\/index.php\/wp-json\/wp\/v2\/comments?post=231172"}],"version-history":[{"count":1,"href":"https:\/\/nvnoticias.mx\/index.php\/wp-json\/wp\/v2\/posts\/231172\/revisions"}],"predecessor-version":[{"id":231174,"href":"https:\/\/nvnoticias.mx\/index.php\/wp-json\/wp\/v2\/posts\/231172\/revisions\/231174"}],"wp:featuredmedia":[{"embeddable":true,"href":"https:\/\/nvnoticias.mx\/index.php\/wp-json\/wp\/v2\/media\/231173"}],"wp:attachment":[{"href":"https:\/\/nvnoticias.mx\/index.php\/wp-json\/wp\/v2\/media?parent=231172"}],"wp:term":[{"taxonomy":"category","embeddable":true,"href":"https:\/\/nvnoticias.mx\/index.php\/wp-json\/wp\/v2\/categories?post=231172"},{"taxonomy":"post_tag","embeddable":true,"href":"https:\/\/nvnoticias.mx\/index.php\/wp-json\/wp\/v2\/tags?post=231172"}],"curies":[{"name":"wp","href":"https:\/\/api.w.org\/{rel}","templated":true}]}}