{"id":231168,"date":"2026-09-05T10:28:40","date_gmt":"2026-09-05T16:28:40","guid":{"rendered":"https:\/\/nvnoticias.mx\/?p=231168"},"modified":"2026-09-05T10:29:50","modified_gmt":"2026-09-05T16:29:50","slug":"dos-mu3rts-y-siete-desaparecidos-en-explosion-en-cuartel-militar-en-bolivia","status":"publish","type":"post","link":"https:\/\/nvnoticias.mx\/index.php\/2026\/09\/05\/dos-mu3rts-y-siete-desaparecidos-en-explosion-en-cuartel-militar-en-bolivia\/","title":{"rendered":"Dos mu3rt@s y siete desaparecidos en explosi\u00f3n en cuartel militar en Bolivia"},"content":{"rendered":"\n<p class=\"wp-block-paragraph\"><\/p>\n\n\n\n<p class=\"wp-block-paragraph\">La<strong>&nbsp;Polic\u00eda de Bolivia<\/strong>&nbsp;confirm\u00f3 que la explosi\u00f3n registrada el viernes en un cuartel militar en el departamento de La Paz deja por el momento dos fallecidos, siete desaparecidos y unas 59 personas heridas, e inform\u00f3 que se investigan las causas de este suceso.<\/p>\n\n\n\n<p class=\"wp-block-paragraph\">\u201cHasta el momento, se tiene controlado el incidente. Lamentamos porque tenemos 7 personas desaparecidas al momento y f\u00edsicamente se ha podido comprobar que hay dos personas fallecidas\u201d, dijo a los medios el subcomandante nacional de la Polic\u00eda, coronel Roger Roca.<\/p>\n\n\n\n<p class=\"wp-block-paragraph\">El jefe policial tambi\u00e9n se\u00f1al\u00f3 que hasta el momento se tiene reporte de 59 personas heridas en el suceso, ocurrido en la tarde en el Centro General de Mantenimiento del RAM-2 \u2018Bol\u00edvar\u2019 en Viacha, un municipio situado a unos 35 kil\u00f3metros de la ciudad de La Paz, sede del Gobierno y el Legislativo.<\/p>\n\n\n\n<p class=\"wp-block-paragraph\">Roca se\u00f1al\u00f3 que se realizan actividades \u201cde investigaci\u00f3n para poder determinar qu\u00e9 fue lo que sucedi\u00f3 en este lugar\u201d, sin dar por ahora alguna hip\u00f3tesis sobre las causas del suceso.<\/p>\n\n\n\n<p class=\"wp-block-paragraph\">En un primer reporte, el Ministerio de Defensa inform\u00f3 en la tarde sobre la detonaci\u00f3n \u201caccidental\u201d de material pirot\u00e9cnico almacenado en el cuartel que dej\u00f3 da\u00f1os materiales \u201cde consideraci\u00f3n\u201d en esa instalaci\u00f3n.<\/p>\n\n\n\n<p class=\"wp-block-paragraph\">El ministro de Defensa, Ernesto Justiniano, asegur\u00f3 en una publicaci\u00f3n en sus redes sociales que \u201cdesde el primer momento se activaron los mecanismos de emergencia, evacuaci\u00f3n y atenci\u00f3n m\u00e9dica\u201d.<\/p>\n","protected":false},"excerpt":{"rendered":"<p>La&nbsp;Polic\u00eda de Bolivia&nbsp;confirm\u00f3 que la explosi\u00f3n registrada el viernes en un cuartel militar en el departamento de La Paz deja por el momento dos fallecidos, siete desaparecidos y unas 59 personas heridas, e inform\u00f3 que se investigan las causas de este suceso. \u201cHasta el momento, se tiene controlado el incidente. Lamentamos porque tenemos 7 personas [&hellip;]<\/p>\n","protected":false},"author":8,"featured_media":231169,"comment_status":"open","ping_status":"open","sticky":false,"template":"","format":"standard","meta":{"_monsterinsights_skip_tracking":false,"footnotes":""},"categories":[181],"tags":[1925,33911,3290,162],"class_list":["post-231168","post","type-post","status-publish","format-standard","has-post-thumbnail","hentry","category-internacional","tag-bolivia","tag-cuartel-militar","tag-explosion","tag-portada","wp-image-borders"],"amp_enabled":true,"_links":{"self":[{"href":"https:\/\/nvnoticias.mx\/index.php\/wp-json\/wp\/v2\/posts\/231168","targetHints":{"allow":["GET"]}}],"collection":[{"href":"https:\/\/nvnoticias.mx\/index.php\/wp-json\/wp\/v2\/posts"}],"about":[{"href":"https:\/\/nvnoticias.mx\/index.php\/wp-json\/wp\/v2\/types\/post"}],"author":[{"embeddable":true,"href":"https:\/\/nvnoticias.mx\/index.php\/wp-json\/wp\/v2\/users\/8"}],"replies":[{"embeddable":true,"href":"https:\/\/nvnoticias.mx\/index.php\/wp-json\/wp\/v2\/comments?post=231168"}],"version-history":[{"count":1,"href":"https:\/\/nvnoticias.mx\/index.php\/wp-json\/wp\/v2\/posts\/231168\/revisions"}],"predecessor-version":[{"id":231170,"href":"https:\/\/nvnoticias.mx\/index.php\/wp-json\/wp\/v2\/posts\/231168\/revisions\/231170"}],"wp:featuredmedia":[{"embeddable":true,"href":"https:\/\/nvnoticias.mx\/index.php\/wp-json\/wp\/v2\/media\/231169"}],"wp:attachment":[{"href":"https:\/\/nvnoticias.mx\/index.php\/wp-json\/wp\/v2\/media?parent=231168"}],"wp:term":[{"taxonomy":"category","embeddable":true,"href":"https:\/\/nvnoticias.mx\/index.php\/wp-json\/wp\/v2\/categories?post=231168"},{"taxonomy":"post_tag","embeddable":true,"href":"https:\/\/nvnoticias.mx\/index.php\/wp-json\/wp\/v2\/tags?post=231168"}],"curies":[{"name":"wp","href":"https:\/\/api.w.org\/{rel}","templated":true}]}}