{"id":231161,"date":"2026-09-04T13:43:28","date_gmt":"2026-09-04T19:43:28","guid":{"rendered":"https:\/\/nvnoticias.mx\/?p=231161"},"modified":"2026-09-04T13:43:45","modified_gmt":"2026-09-04T19:43:45","slug":"marco-rubio-viajara-proxima-semana-a-colombia-ecuador-y-peru-para-fortalecer-alianzas-de-eu","status":"publish","type":"post","link":"https:\/\/nvnoticias.mx\/index.php\/2026\/09\/04\/marco-rubio-viajara-proxima-semana-a-colombia-ecuador-y-peru-para-fortalecer-alianzas-de-eu\/","title":{"rendered":"Marco Rubio viajar\u00e1 pr\u00f3xima semana a Colombia, Ecuador y Per\u00fa para fortalecer alianzas de EU"},"content":{"rendered":"\n<p class=\"wp-block-paragraph\">El secretario de Estado de Estados Unidos, Marco Rubio, viajar\u00e1 a Colombia, Ecuador y Per\u00fa entre el pr\u00f3ximo 8 y el 10 de septiembre para &#8220;fortalecer alianzas clave de Estados Unidos en la regi\u00f3n&#8221;, inform\u00f3 el Departamento de Estado este viernes.<\/p>\n\n\n\n<p class=\"wp-block-paragraph\">El presidente colombiano Abelardo de la Espriella y el ecuatoriano Daniel Noboa son dos de los principales aliados de Washington en la regi\u00f3n, mientras que el gobierno de la peruana Keiko Fujimori anunci\u00f3 la semana pasada que se un\u00eda a la alianza de seguridad Escudo de las Am\u00e9ricas que lanz\u00f3 Donald Trump en marzo pasado.<\/p>\n\n\n\n<p class=\"wp-block-paragraph\">El objetivo de la visita de Rubio es revisar la &#8220;cooperaci\u00f3n reforzada en la lucha compartida contra el narcoterrorismo, que amenaza a nuestro hemisferio&#8221; as\u00ed como &#8220;los beneficios de relaciones comerciales m\u00e1s profundas entre nuestros pa\u00edses&#8221;, explic\u00f3 el comunicado. Am\u00e9rica Latina y el Caribe ha experimentado un marcado viraje a la derecha que coincide con el regreso de Donald Trump a la Casa Blanca en enero de 2025.<\/p>\n\n\n\n<p class=\"wp-block-paragraph\">Varios pa\u00edses han adoptado resueltamente el modelo de mano dura contra el crimen organizado, de mega c\u00e1rceles al estilo salvadore\u00f1o para atajar la delincuencia y de cooperaci\u00f3n militar en fronteras comunes, como la de Colombia y Ecuador. Quito y Bogot\u00e1 ya han anunciado operaciones conjuntas con Washington.<\/p>\n\n\n\n<p class=\"wp-block-paragraph\">Fuente: La <a href=\"https:\/\/www.jornada.com.mx\/noticia\/2026\/09\/04\/mundo\/marco-rubio-viajara-proxima-semana-a-colombia-ecuador-y-peru-para-fortalecer-alianzas-de-eu-en-la-region\">Jornada<\/a><\/p>\n","protected":false},"excerpt":{"rendered":"<p>El secretario de Estado de Estados Unidos, Marco Rubio, viajar\u00e1 a Colombia, Ecuador y Per\u00fa entre el pr\u00f3ximo 8 y el 10 de septiembre para &#8220;fortalecer alianzas clave de Estados Unidos en la regi\u00f3n&#8221;, inform\u00f3 el Departamento de Estado este viernes. El presidente colombiano Abelardo de la Espriella y el ecuatoriano Daniel Noboa son dos [&hellip;]<\/p>\n","protected":false},"author":35,"featured_media":231163,"comment_status":"open","ping_status":"open","sticky":false,"template":"","format":"standard","meta":{"_monsterinsights_skip_tracking":false,"footnotes":""},"categories":[181],"tags":[207,5294,183,15749,4602],"class_list":["post-231161","post","type-post","status-publish","format-standard","has-post-thumbnail","hentry","category-internacional","tag-colombia","tag-ecuador","tag-estados-unidos","tag-marco-rubio","tag-peru","wp-image-borders"],"amp_enabled":true,"_links":{"self":[{"href":"https:\/\/nvnoticias.mx\/index.php\/wp-json\/wp\/v2\/posts\/231161","targetHints":{"allow":["GET"]}}],"collection":[{"href":"https:\/\/nvnoticias.mx\/index.php\/wp-json\/wp\/v2\/posts"}],"about":[{"href":"https:\/\/nvnoticias.mx\/index.php\/wp-json\/wp\/v2\/types\/post"}],"author":[{"embeddable":true,"href":"https:\/\/nvnoticias.mx\/index.php\/wp-json\/wp\/v2\/users\/35"}],"replies":[{"embeddable":true,"href":"https:\/\/nvnoticias.mx\/index.php\/wp-json\/wp\/v2\/comments?post=231161"}],"version-history":[{"count":2,"href":"https:\/\/nvnoticias.mx\/index.php\/wp-json\/wp\/v2\/posts\/231161\/revisions"}],"predecessor-version":[{"id":231164,"href":"https:\/\/nvnoticias.mx\/index.php\/wp-json\/wp\/v2\/posts\/231161\/revisions\/231164"}],"wp:featuredmedia":[{"embeddable":true,"href":"https:\/\/nvnoticias.mx\/index.php\/wp-json\/wp\/v2\/media\/231163"}],"wp:attachment":[{"href":"https:\/\/nvnoticias.mx\/index.php\/wp-json\/wp\/v2\/media?parent=231161"}],"wp:term":[{"taxonomy":"category","embeddable":true,"href":"https:\/\/nvnoticias.mx\/index.php\/wp-json\/wp\/v2\/categories?post=231161"},{"taxonomy":"post_tag","embeddable":true,"href":"https:\/\/nvnoticias.mx\/index.php\/wp-json\/wp\/v2\/tags?post=231161"}],"curies":[{"name":"wp","href":"https:\/\/api.w.org\/{rel}","templated":true}]}}