{"id":231156,"date":"2026-09-04T13:39:08","date_gmt":"2026-09-04T19:39:08","guid":{"rendered":"https:\/\/nvnoticias.mx\/?p=231156"},"modified":"2026-09-04T13:39:15","modified_gmt":"2026-09-04T19:39:15","slug":"rocio-nahle-gobernadora-de-veracruz-lamenta-el-fallecimiento-del-diputado-zenyazen-escobar","status":"publish","type":"post","link":"https:\/\/nvnoticias.mx\/index.php\/2026\/09\/04\/rocio-nahle-gobernadora-de-veracruz-lamenta-el-fallecimiento-del-diputado-zenyazen-escobar\/","title":{"rendered":"Roc\u00edo Nahle, gobernadora de Veracruz, lamenta el fallecimiento del diputado Zenyazen Escobar"},"content":{"rendered":"\n<p class=\"wp-block-paragraph\">La gobernadora de Veracruz, Roc\u00edo Nahle Garc\u00eda, lament\u00f3 la muerte del diputado federal morenista,\u00a0Zenyazen Escobar.<\/p>\n\n\n\n<p class=\"wp-block-paragraph\">En su cuenta de X se refiri\u00f3 al legislador como compa\u00f1ero y amigo, y dio su p\u00e9same a sus hijas y familiares.<\/p>\n\n\n\n<p class=\"wp-block-paragraph\">Zenzayen Escobar se desempe\u00f1aba como diputado federal de Morena por el distrito 16 en C\u00f3rdoba, Veracruz y fue secretario de Educaci\u00f3n estatal durante la administraci\u00f3n del ex mandatario, Cuitl\u00e1huac Garc\u00eda.<\/p>\n\n\n\n<p class=\"wp-block-paragraph\">Fuente: La <a href=\"https:\/\/www.jornada.com.mx\/noticia\/2026\/09\/04\/estados\/rocio-nahle-gobernadora-de-veracruz-lamento-el-fallecimiento-del-diputado-zenyazen-escobar\">Jornada<\/a><\/p>\n","protected":false},"excerpt":{"rendered":"<p>La gobernadora de Veracruz, Roc\u00edo Nahle Garc\u00eda, lament\u00f3 la muerte del diputado federal morenista,\u00a0Zenyazen Escobar. En su cuenta de X se refiri\u00f3 al legislador como compa\u00f1ero y amigo, y dio su p\u00e9same a sus hijas y familiares. Zenzayen Escobar se desempe\u00f1aba como diputado federal de Morena por el distrito 16 en C\u00f3rdoba, Veracruz y fue [&hellip;]<\/p>\n","protected":false},"author":35,"featured_media":231158,"comment_status":"open","ping_status":"open","sticky":false,"template":"","format":"standard","meta":{"_monsterinsights_skip_tracking":false,"footnotes":""},"categories":[156],"tags":[162,1594,1424],"class_list":["post-231156","post","type-post","status-publish","format-standard","has-post-thumbnail","hentry","category-estado","tag-portada","tag-rocio-nahle","tag-zenyazen-escobar","wp-image-borders"],"amp_enabled":true,"_links":{"self":[{"href":"https:\/\/nvnoticias.mx\/index.php\/wp-json\/wp\/v2\/posts\/231156","targetHints":{"allow":["GET"]}}],"collection":[{"href":"https:\/\/nvnoticias.mx\/index.php\/wp-json\/wp\/v2\/posts"}],"about":[{"href":"https:\/\/nvnoticias.mx\/index.php\/wp-json\/wp\/v2\/types\/post"}],"author":[{"embeddable":true,"href":"https:\/\/nvnoticias.mx\/index.php\/wp-json\/wp\/v2\/users\/35"}],"replies":[{"embeddable":true,"href":"https:\/\/nvnoticias.mx\/index.php\/wp-json\/wp\/v2\/comments?post=231156"}],"version-history":[{"count":3,"href":"https:\/\/nvnoticias.mx\/index.php\/wp-json\/wp\/v2\/posts\/231156\/revisions"}],"predecessor-version":[{"id":231160,"href":"https:\/\/nvnoticias.mx\/index.php\/wp-json\/wp\/v2\/posts\/231156\/revisions\/231160"}],"wp:featuredmedia":[{"embeddable":true,"href":"https:\/\/nvnoticias.mx\/index.php\/wp-json\/wp\/v2\/media\/231158"}],"wp:attachment":[{"href":"https:\/\/nvnoticias.mx\/index.php\/wp-json\/wp\/v2\/media?parent=231156"}],"wp:term":[{"taxonomy":"category","embeddable":true,"href":"https:\/\/nvnoticias.mx\/index.php\/wp-json\/wp\/v2\/categories?post=231156"},{"taxonomy":"post_tag","embeddable":true,"href":"https:\/\/nvnoticias.mx\/index.php\/wp-json\/wp\/v2\/tags?post=231156"}],"curies":[{"name":"wp","href":"https:\/\/api.w.org\/{rel}","templated":true}]}}