{"id":231151,"date":"2026-09-04T13:28:22","date_gmt":"2026-09-04T19:28:22","guid":{"rendered":"https:\/\/nvnoticias.mx\/?p=231151"},"modified":"2026-09-04T13:28:27","modified_gmt":"2026-09-04T19:28:27","slug":"pide-la-fge-cautela-sobre-las-causas-de-la-muerte-del-diputado-zenyazen-escobar","status":"publish","type":"post","link":"https:\/\/nvnoticias.mx\/index.php\/2026\/09\/04\/pide-la-fge-cautela-sobre-las-causas-de-la-muerte-del-diputado-zenyazen-escobar\/","title":{"rendered":"Pide la FGE cautela sobre las causas de la muerte del diputado Zenyazen Escobar"},"content":{"rendered":"\n<p class=\"wp-block-paragraph\">La fiscal general del estado de Veracruz, Lisbeth Aurelia Jim\u00e9nez Aguirre, confirm\u00f3 el deceso del diputado federal morenista Zenyazen Escobar Garc\u00eda.<\/p>\n\n\n\n<p class=\"wp-block-paragraph\">El hallazgo del cuerpo ocurri\u00f3 en la localidad conocida como La Gloria, perteneciente al municipio de Puente Nacional.<\/p>\n\n\n\n<p class=\"wp-block-paragraph\">Cuestionada por medios de comunicaci\u00f3n durante un evento p\u00fablico, la titular de la FGE apel\u00f3 a la prudencia y se abstuvo de calificar el hecho como un homicidio o ataque directo hasta que culminen los peritajes correspondientes.<\/p>\n\n\n\n<p class=\"wp-block-paragraph\">&#8221; Efectivamente, tuvimos noticia del evento, se est\u00e1 atendiendo. Apenas se constituy\u00f3 la tr\u00edada: peritos, fiscales, Polic\u00eda Ministerial, y bueno, se est\u00e1 investigando, se est\u00e1 integrando la carpeta de investigaci\u00f3n. Es la informaci\u00f3n que les puedo dar&#8221;, precis\u00f3 Jim\u00e9nez Aguirre.<\/p>\n\n\n\n<p class=\"wp-block-paragraph\">La funcionaria enfatiz\u00f3 que personal t\u00e9cnico y de investigaci\u00f3n ministerial apenas se desplegaba en la escena para recabar datos e inspeccionar la zona.<\/p>\n\n\n\n<p class=\"wp-block-paragraph\">Al ser interrograda sobre la presencia de m\u00e1s personas en la escena, confirm\u00f3 que el legislador es la \u00fanica v\u00edctima confirmada en el sitio.<\/p>\n\n\n\n<p class=\"wp-block-paragraph\">La Fiscal\u00eda General del Estado (FGE) mantendr\u00e1 abiertas las diligencias para esclarecer las circunstancias alrededor del fallecimiento del legislador veracruzano.<\/p>\n","protected":false},"excerpt":{"rendered":"<p>La fiscal general del estado de Veracruz, Lisbeth Aurelia Jim\u00e9nez Aguirre, confirm\u00f3 el deceso del diputado federal morenista Zenyazen Escobar Garc\u00eda. El hallazgo del cuerpo ocurri\u00f3 en la localidad conocida como La Gloria, perteneciente al municipio de Puente Nacional. Cuestionada por medios de comunicaci\u00f3n durante un evento p\u00fablico, la titular de la FGE apel\u00f3 a [&hellip;]<\/p>\n","protected":false},"author":35,"featured_media":231152,"comment_status":"open","ping_status":"open","sticky":false,"template":"","format":"standard","meta":{"_monsterinsights_skip_tracking":false,"footnotes":""},"categories":[156],"tags":[866,162,1424],"class_list":["post-231151","post","type-post","status-publish","format-standard","has-post-thumbnail","hentry","category-estado","tag-fge","tag-portada","tag-zenyazen-escobar","wp-image-borders"],"amp_enabled":true,"_links":{"self":[{"href":"https:\/\/nvnoticias.mx\/index.php\/wp-json\/wp\/v2\/posts\/231151","targetHints":{"allow":["GET"]}}],"collection":[{"href":"https:\/\/nvnoticias.mx\/index.php\/wp-json\/wp\/v2\/posts"}],"about":[{"href":"https:\/\/nvnoticias.mx\/index.php\/wp-json\/wp\/v2\/types\/post"}],"author":[{"embeddable":true,"href":"https:\/\/nvnoticias.mx\/index.php\/wp-json\/wp\/v2\/users\/35"}],"replies":[{"embeddable":true,"href":"https:\/\/nvnoticias.mx\/index.php\/wp-json\/wp\/v2\/comments?post=231151"}],"version-history":[{"count":1,"href":"https:\/\/nvnoticias.mx\/index.php\/wp-json\/wp\/v2\/posts\/231151\/revisions"}],"predecessor-version":[{"id":231153,"href":"https:\/\/nvnoticias.mx\/index.php\/wp-json\/wp\/v2\/posts\/231151\/revisions\/231153"}],"wp:featuredmedia":[{"embeddable":true,"href":"https:\/\/nvnoticias.mx\/index.php\/wp-json\/wp\/v2\/media\/231152"}],"wp:attachment":[{"href":"https:\/\/nvnoticias.mx\/index.php\/wp-json\/wp\/v2\/media?parent=231151"}],"wp:term":[{"taxonomy":"category","embeddable":true,"href":"https:\/\/nvnoticias.mx\/index.php\/wp-json\/wp\/v2\/categories?post=231151"},{"taxonomy":"post_tag","embeddable":true,"href":"https:\/\/nvnoticias.mx\/index.php\/wp-json\/wp\/v2\/tags?post=231151"}],"curies":[{"name":"wp","href":"https:\/\/api.w.org\/{rel}","templated":true}]}}