{"id":23114,"date":"2021-09-01T10:19:50","date_gmt":"2021-09-01T15:19:50","guid":{"rendered":"https:\/\/nvnoticias.mx\/?p=23114"},"modified":"2021-09-01T11:42:44","modified_gmt":"2021-09-01T16:42:44","slug":"habilitan-nuevas-areas-covid-en-imss-diaz-miron","status":"publish","type":"post","link":"https:\/\/nvnoticias.mx\/index.php\/2021\/09\/01\/habilitan-nuevas-areas-covid-en-imss-diaz-miron\/","title":{"rendered":"Habilitan nuevas \u00e1reas covid en IMSS D\u00edaz Mir\u00f3n"},"content":{"rendered":"\n<p><strong>Jes\u00fas Utrilla | NV Noticias <\/strong><\/p>\n\n\n\n<p>Veracruz.- El Hospital 71 del IMSS prepara una nueva \u00e1rea ante el aumento de pacientes con Covid-19. Los trabajadores informaron que se dispondr\u00e1 de un \u00e1rea m\u00e1s para atender la demanda de hospitalizaci\u00f3n.  <\/p>\n\n\n\n<p>El Hospital General de Zona n\u00famero 71 del Instituto Mexicano del Seguro Social, se ubica sobre la avenida D\u00edaz Mir\u00f3n, del municipio de Veracruz.&nbsp;  <\/p>\n\n\n\n<p>De acuerdo a lo informado, ante el aumento de contagios, habilitar\u00e1n otra \u00e1rea de covid en el 2\u00b0 piso, har\u00e1n modificaciones estructurales y de log\u00edstica en el 4\u00b0 piso, el cual actualmente atiende a pacientes contagiados. <\/p>\n\n\n\n<p>En Facebook publicaron el siguiente texto para informar sobre la determinaci\u00f3n pero sobre todo exhortar a la comunidad a ser consciente y no relajar las medidas preventivas del coronavirus: <\/p>\n\n\n\n<blockquote class=\"wp-block-quote is-layout-flow wp-block-quote-is-layout-flow\"><p>\u201cAs\u00ed es!!!&#8230; Con la presencia de autoridades delegacionales y de nivel central, el hgz 71, se prepara para la apertura de una ala m\u00e1s de atenci\u00f3n a pacientes covid. De manera conjunta, ejecutivos administrativos y&nbsp; autoridades de enfermer\u00eda, planean que sea en pr\u00f3ximos d\u00edas, la apertura del ala covid en 2o piso, as\u00ed como las modificaciones estructurales y de log\u00edstica en el 4o piso, el cual actualmente es el piso que recibe a los pacientes covid\u201d.<\/p><\/blockquote>\n\n\n\n<p> Aseguraron que ya se cuenta con la plantilla de personal m\u00e9dico que colaborar\u00e1 en dicha \u00e1rea. Los trabajos fueron supervisados personalmente por directivos nacionales,&nbsp; administrativos y autoridades de esa instituci\u00f3n.<\/p>\n","protected":false},"excerpt":{"rendered":"<p>Jes\u00fas Utrilla | NV Noticias Veracruz.- El Hospital 71 del IMSS prepara una nueva \u00e1rea ante el aumento de pacientes con Covid-19. Los trabajadores informaron que se dispondr\u00e1 de un \u00e1rea m\u00e1s para atender la demanda de hospitalizaci\u00f3n. El Hospital General de Zona n\u00famero 71 del Instituto Mexicano del Seguro Social, se ubica sobre la [&hellip;]<\/p>\n","protected":false},"author":35,"featured_media":2990,"comment_status":"open","ping_status":"open","sticky":false,"template":"","format":"standard","meta":{"_monsterinsights_skip_tracking":false,"_monsterinsights_sitenote_active":false,"_monsterinsights_sitenote_note":"","_monsterinsights_sitenote_category":0,"footnotes":""},"categories":[154],"tags":[358,365,162],"class_list":["post-23114","post","type-post","status-publish","format-standard","has-post-thumbnail","hentry","category-veracruz","tag-covid","tag-imss","tag-portada","wp-image-borders"],"amp_enabled":true,"_links":{"self":[{"href":"https:\/\/nvnoticias.mx\/index.php\/wp-json\/wp\/v2\/posts\/23114","targetHints":{"allow":["GET"]}}],"collection":[{"href":"https:\/\/nvnoticias.mx\/index.php\/wp-json\/wp\/v2\/posts"}],"about":[{"href":"https:\/\/nvnoticias.mx\/index.php\/wp-json\/wp\/v2\/types\/post"}],"author":[{"embeddable":true,"href":"https:\/\/nvnoticias.mx\/index.php\/wp-json\/wp\/v2\/users\/35"}],"replies":[{"embeddable":true,"href":"https:\/\/nvnoticias.mx\/index.php\/wp-json\/wp\/v2\/comments?post=23114"}],"version-history":[{"count":4,"href":"https:\/\/nvnoticias.mx\/index.php\/wp-json\/wp\/v2\/posts\/23114\/revisions"}],"predecessor-version":[{"id":23148,"href":"https:\/\/nvnoticias.mx\/index.php\/wp-json\/wp\/v2\/posts\/23114\/revisions\/23148"}],"wp:featuredmedia":[{"embeddable":true,"href":"https:\/\/nvnoticias.mx\/index.php\/wp-json\/wp\/v2\/media\/2990"}],"wp:attachment":[{"href":"https:\/\/nvnoticias.mx\/index.php\/wp-json\/wp\/v2\/media?parent=23114"}],"wp:term":[{"taxonomy":"category","embeddable":true,"href":"https:\/\/nvnoticias.mx\/index.php\/wp-json\/wp\/v2\/categories?post=23114"},{"taxonomy":"post_tag","embeddable":true,"href":"https:\/\/nvnoticias.mx\/index.php\/wp-json\/wp\/v2\/tags?post=23114"}],"curies":[{"name":"wp","href":"https:\/\/api.w.org\/{rel}","templated":true}]}}