{"id":231137,"date":"2026-09-04T13:08:34","date_gmt":"2026-09-04T19:08:34","guid":{"rendered":"https:\/\/nvnoticias.mx\/?p=231137"},"modified":"2026-09-04T13:08:50","modified_gmt":"2026-09-04T19:08:50","slug":"la-serie-de-harry-potter-encuentra-a-los-nuevos-ginny-dobby-y-tom-ryddle","status":"publish","type":"post","link":"https:\/\/nvnoticias.mx\/index.php\/2026\/09\/04\/la-serie-de-harry-potter-encuentra-a-los-nuevos-ginny-dobby-y-tom-ryddle\/","title":{"rendered":"La serie de &#8216;Harry Potter&#8217; encuentra a los nuevos Ginny, Dobby y Tom Ryddle"},"content":{"rendered":"\n<p class=\"wp-block-paragraph\">Antes de que comenzase el rodaje de<em>\u00a0Harry Potter<\/em>, la guionista Francesca Gardiner y HBO tuvieron una conversaci\u00f3n indispensable: necesitaban encadenar pr\u00e1cticamente el rodaje de las dos primeras temporadas si quer\u00edan asegurarse de que los actores no crecieran demasiado y que los episodios estuvieran terminados en un intervalo de tiempo razonable para el p\u00fablico.<\/p>\n\n\n\n<p class=\"wp-block-paragraph\"> Es por este motivo que, cuando todav\u00eda faltan m\u00e1s de tres meses para lanzar la serie, tenemos otra novedad importante de la segunda temporada: ya est\u00e1n en n\u00f3mina tres nuevos actores que interpretar\u00e1n a Ginny Weasley, a Dobby y a Tom Ryddle.<\/p>\n\n\n\n<p class=\"wp-block-paragraph\">El londinense Billy Barratt ser\u00e1 Tom Ryddle, un enigm\u00e1tico alumno de Hogwarts que adquiere importancia en la historia. Barratt tiene experiencia en televisi\u00f3n: tuvo un papel principal en\u00a0la serie de ciencia ficci\u00f3n\u00a0<em>Invasion\u00a0<\/em>de Apple TV.<\/p>\n\n\n\n<p class=\"wp-block-paragraph\">Con respecto a Dobby, el elegido es Lenny Rush, el actor de 17 a\u00f1os que pas\u00f3 al primer plano de la televisi\u00f3n brit\u00e1nica con\u00a0<em>Am I Being Unreasonable<\/em>, despu\u00e9s de participar en\u00a0<em>Doctor Who\u00a0<\/em>o\u00a0<em>Dodger.<\/em>\u00a0Se desconoce si Dobby estar\u00e1 hecho con CGI como en las pel\u00edculas o si Rush tendr\u00e1 maquillaje prost\u00e9tico para poder interpretarlo.<\/p>\n","protected":false},"excerpt":{"rendered":"<p>Antes de que comenzase el rodaje de\u00a0Harry Potter, la guionista Francesca Gardiner y HBO tuvieron una conversaci\u00f3n indispensable: necesitaban encadenar pr\u00e1cticamente el rodaje de las dos primeras temporadas si quer\u00edan asegurarse de que los actores no crecieran demasiado y que los episodios estuvieran terminados en un intervalo de tiempo razonable para el p\u00fablico. Es por [&hellip;]<\/p>\n","protected":false},"author":35,"featured_media":231142,"comment_status":"open","ping_status":"open","sticky":false,"template":"","format":"standard","meta":{"_monsterinsights_skip_tracking":false,"footnotes":""},"categories":[576],"tags":[33898,33897,2866,33899],"class_list":["post-231137","post","type-post","status-publish","format-standard","has-post-thumbnail","hentry","category-ocio","tag-dobby","tag-ginny-wesley","tag-harry-potter","tag-tom-ryddle","wp-image-borders"],"amp_enabled":true,"_links":{"self":[{"href":"https:\/\/nvnoticias.mx\/index.php\/wp-json\/wp\/v2\/posts\/231137","targetHints":{"allow":["GET"]}}],"collection":[{"href":"https:\/\/nvnoticias.mx\/index.php\/wp-json\/wp\/v2\/posts"}],"about":[{"href":"https:\/\/nvnoticias.mx\/index.php\/wp-json\/wp\/v2\/types\/post"}],"author":[{"embeddable":true,"href":"https:\/\/nvnoticias.mx\/index.php\/wp-json\/wp\/v2\/users\/35"}],"replies":[{"embeddable":true,"href":"https:\/\/nvnoticias.mx\/index.php\/wp-json\/wp\/v2\/comments?post=231137"}],"version-history":[{"count":4,"href":"https:\/\/nvnoticias.mx\/index.php\/wp-json\/wp\/v2\/posts\/231137\/revisions"}],"predecessor-version":[{"id":231141,"href":"https:\/\/nvnoticias.mx\/index.php\/wp-json\/wp\/v2\/posts\/231137\/revisions\/231141"}],"wp:featuredmedia":[{"embeddable":true,"href":"https:\/\/nvnoticias.mx\/index.php\/wp-json\/wp\/v2\/media\/231142"}],"wp:attachment":[{"href":"https:\/\/nvnoticias.mx\/index.php\/wp-json\/wp\/v2\/media?parent=231137"}],"wp:term":[{"taxonomy":"category","embeddable":true,"href":"https:\/\/nvnoticias.mx\/index.php\/wp-json\/wp\/v2\/categories?post=231137"},{"taxonomy":"post_tag","embeddable":true,"href":"https:\/\/nvnoticias.mx\/index.php\/wp-json\/wp\/v2\/tags?post=231137"}],"curies":[{"name":"wp","href":"https:\/\/api.w.org\/{rel}","templated":true}]}}