{"id":231128,"date":"2026-09-04T12:53:19","date_gmt":"2026-09-04T18:53:19","guid":{"rendered":"https:\/\/nvnoticias.mx\/?p=231128"},"modified":"2026-09-04T13:35:40","modified_gmt":"2026-09-04T19:35:40","slug":"confirma-la-secretaria-de-gobernacion-la-muerte-de-zenyazen-escobar","status":"publish","type":"post","link":"https:\/\/nvnoticias.mx\/index.php\/2026\/09\/04\/confirma-la-secretaria-de-gobernacion-la-muerte-de-zenyazen-escobar\/","title":{"rendered":"FGE y FGR investigar\u00e1n fallecimiento del diputado federal Zenyazen Escobar: SEGOB"},"content":{"rendered":"\n<p class=\"wp-block-paragraph\">Xalapa, Ver., viernes 4 de septiembre de 2026.- El Gobierno del Estado confirma el fallecimiento del diputado federal Zenyazen Escobar Garc\u00eda, cuyo cuerpo fue localizado este viernes en la localidad de La Gloria, municipio de Puente Nacional.<\/p>\n\n\n\n<p class=\"wp-block-paragraph\">El secretario de Gobierno, Ricardo Ahued Bardahuil, inform\u00f3 que, tras el hallazgo, la Fiscal\u00eda General del Estado (FGE) se constituy\u00f3 en el lugar para realizar las diligencias y peritajes correspondientes e integrar la carpeta de investigaci\u00f3n para esclarecer las circunstancias de los hechos.<\/p>\n\n\n\n<p class=\"wp-block-paragraph\">Asimismo, se\u00f1al\u00f3 que la Fiscal\u00eda General de la Rep\u00fablica (FGR) atraer\u00e1 el caso para reforzar las investigaciones y agotar todas las l\u00edneas que permitan establecer con precisi\u00f3n lo ocurrido.<\/p>\n\n\n\n<p class=\"wp-block-paragraph\">El Gobierno del Estado lamenta profundamente este deceso y expresa sus condolencias, respeto y solidaridad a los familiares y seres queridos del diputado federal, as\u00ed como a sus compa\u00f1eras y compa\u00f1eros legisladores.<\/p>\n","protected":false},"excerpt":{"rendered":"<p>Xalapa, Ver., viernes 4 de septiembre de 2026.- El Gobierno del Estado confirma el fallecimiento del diputado federal Zenyazen Escobar Garc\u00eda, cuyo cuerpo fue localizado este viernes en la localidad de La Gloria, municipio de Puente Nacional. El secretario de Gobierno, Ricardo Ahued Bardahuil, inform\u00f3 que, tras el hallazgo, la Fiscal\u00eda General del Estado (FGE) [&hellip;]<\/p>\n","protected":false},"author":6,"featured_media":231129,"comment_status":"open","ping_status":"open","sticky":false,"template":"","format":"standard","meta":{"_monsterinsights_skip_tracking":false,"footnotes":""},"categories":[156],"tags":[162,1086,1424],"class_list":["post-231128","post","type-post","status-publish","format-standard","has-post-thumbnail","hentry","category-estado","tag-portada","tag-ricardo-ahued","tag-zenyazen-escobar","wp-image-borders"],"amp_enabled":true,"_links":{"self":[{"href":"https:\/\/nvnoticias.mx\/index.php\/wp-json\/wp\/v2\/posts\/231128","targetHints":{"allow":["GET"]}}],"collection":[{"href":"https:\/\/nvnoticias.mx\/index.php\/wp-json\/wp\/v2\/posts"}],"about":[{"href":"https:\/\/nvnoticias.mx\/index.php\/wp-json\/wp\/v2\/types\/post"}],"author":[{"embeddable":true,"href":"https:\/\/nvnoticias.mx\/index.php\/wp-json\/wp\/v2\/users\/6"}],"replies":[{"embeddable":true,"href":"https:\/\/nvnoticias.mx\/index.php\/wp-json\/wp\/v2\/comments?post=231128"}],"version-history":[{"count":3,"href":"https:\/\/nvnoticias.mx\/index.php\/wp-json\/wp\/v2\/posts\/231128\/revisions"}],"predecessor-version":[{"id":231155,"href":"https:\/\/nvnoticias.mx\/index.php\/wp-json\/wp\/v2\/posts\/231128\/revisions\/231155"}],"wp:featuredmedia":[{"embeddable":true,"href":"https:\/\/nvnoticias.mx\/index.php\/wp-json\/wp\/v2\/media\/231129"}],"wp:attachment":[{"href":"https:\/\/nvnoticias.mx\/index.php\/wp-json\/wp\/v2\/media?parent=231128"}],"wp:term":[{"taxonomy":"category","embeddable":true,"href":"https:\/\/nvnoticias.mx\/index.php\/wp-json\/wp\/v2\/categories?post=231128"},{"taxonomy":"post_tag","embeddable":true,"href":"https:\/\/nvnoticias.mx\/index.php\/wp-json\/wp\/v2\/tags?post=231128"}],"curies":[{"name":"wp","href":"https:\/\/api.w.org\/{rel}","templated":true}]}}