{"id":231126,"date":"2026-09-04T12:48:50","date_gmt":"2026-09-04T18:48:50","guid":{"rendered":"https:\/\/nvnoticias.mx\/?p=231126"},"modified":"2026-09-04T12:48:55","modified_gmt":"2026-09-04T18:48:55","slug":"resguarda-dif-a-ninos-con-reporte-de-omision-de-cuidados-en-colonias-de-veracruz","status":"publish","type":"post","link":"https:\/\/nvnoticias.mx\/index.php\/2026\/09\/04\/resguarda-dif-a-ninos-con-reporte-de-omision-de-cuidados-en-colonias-de-veracruz\/","title":{"rendered":"Resguarda DIF a ni\u00f1os con reporte de omisi\u00f3n\u00a0 de cuidados en colonias de Veracruz"},"content":{"rendered":"\n<p class=\"wp-block-paragraph\"><br><strong>Jes\u00fas Utrilla \/ NV Noticias <\/strong><\/p>\n\n\n\n<p class=\"wp-block-paragraph\"><br>Alrededor de 50 ni\u00f1as, ni\u00f1os y adolescentes se encuentran actualmente bajo resguardo del DIF Municipal de Veracruz, de los cuales aproximadamente 30 fueron atendidos durante la actual administraci\u00f3n, principalmente por casos relacionados con omisi\u00f3n de cuidados, inform\u00f3 la presidenta del organismo, Daniela Lili Hern\u00e1ndez.<\/p>\n\n\n\n<p class=\"wp-block-paragraph\"><br>Explic\u00f3 que el DIF recibe reportes ciudadanos sobre posibles situaciones de riesgo y a partir de estos se\u00f1alamientos, realiza las investigaciones correspondientes para determinar las condiciones en las que viven los menores y, en caso necesario, proceder a su resguardo.<\/p>\n\n\n\n<p class=\"wp-block-paragraph\"><br>Dijo que el DIF tambi\u00e9n atienden\u00a0 casos de maltrato infantil, sin embargo, durante la actual administraci\u00f3n ninguno alcanz\u00f3 la gravedad de otros casos que han trascendido p\u00fablicamente, aunque s\u00ed se han encontrado menores en condiciones que ameritan intervenci\u00f3n de las autoridades.<\/p>\n\n\n\n<p class=\"wp-block-paragraph\"><br>Los menores bajo resguardo tienen edades que van desde cero hasta 17 a\u00f1os y se encuentran distribuidos en tres albergues, de acuerdo con su edad y necesidades.<\/p>\n\n\n\n<p class=\"wp-block-paragraph\"><br>La presidenta del DIF se\u00f1al\u00f3 que una de las zonas donde se concentra el mayor n\u00famero de reportes ciudadanos es el norponiente de la ciudad de Veracruz, particularmente el sector de Tejer\u00eda, donde han detectado una incidencia importante de casos relacionados con omisi\u00f3n de cuidados.<\/p>\n\n\n\n<p class=\"wp-block-paragraph\"><br>Entre las principales condiciones en las que \u00f1 encontraron a los menores destacan que no acuden a la escuela, no cuentan con acta de nacimiento, permanecen solos durante largos periodos, presentan desnutrici\u00f3n o carecen de atenci\u00f3n adecuada por parte de sus familiares.<\/p>\n\n\n\n<p class=\"wp-block-paragraph\"><br>Incluso localizaron a adolescentes de alrededor de 14 a\u00f1os que nunca\u00a0 acudieron a una escuela y que tampoco cuentan con documentos que acrediten su identidad.<\/p>\n\n\n\n<p class=\"wp-block-paragraph\"><br>Aclar\u00f3 que no todos los casos terminan con la separaci\u00f3n definitiva de los menores de sus familias. Cuando la ausencia de cuidados est\u00e1 relacionada, por ejemplo, con que los padres tienen que trabajar y dejan solos a sus hijos, el DIF busca brindar alternativas para que puedan permanecer con ellos.<\/p>\n\n\n\n<p class=\"wp-block-paragraph\"><br>Sin embargo, cuando adem\u00e1s de la omisi\u00f3n de cuidados existe maltrato u otras condiciones que ponen en riesgo la integridad de los menores, se procede al resguardo y se establecen medidas para garantizar su bienestar.<\/p>\n\n\n\n<p class=\"wp-block-paragraph\"><br>De los menores que han sido resguardados, aproximadamente la mitad logra ser reintegrada con sus familias. Para ello, los padres o tutores deben cumplir determinadas condiciones, como mejorar las condiciones de la vivienda, garantizar su inscripci\u00f3n escolar, atender su alimentaci\u00f3n y asumir de manera adecuada el cuidado de los menores.<\/p>\n","protected":false},"excerpt":{"rendered":"<p>Jes\u00fas Utrilla \/ NV Noticias Alrededor de 50 ni\u00f1as, ni\u00f1os y adolescentes se encuentran actualmente bajo resguardo del DIF Municipal de Veracruz, de los cuales aproximadamente 30 fueron atendidos durante la actual administraci\u00f3n, principalmente por casos relacionados con omisi\u00f3n de cuidados, inform\u00f3 la presidenta del organismo, Daniela Lili Hern\u00e1ndez. Explic\u00f3 que el DIF recibe reportes [&hellip;]<\/p>\n","protected":false},"author":8,"featured_media":88315,"comment_status":"open","ping_status":"open","sticky":false,"template":"","format":"standard","meta":{"_monsterinsights_skip_tracking":false,"footnotes":""},"categories":[154],"tags":[832,1016,8655],"class_list":["post-231126","post","type-post","status-publish","format-standard","has-post-thumbnail","hentry","category-veracruz","tag-dif","tag-ninos","tag-resguardo","wp-image-borders"],"amp_enabled":true,"_links":{"self":[{"href":"https:\/\/nvnoticias.mx\/index.php\/wp-json\/wp\/v2\/posts\/231126","targetHints":{"allow":["GET"]}}],"collection":[{"href":"https:\/\/nvnoticias.mx\/index.php\/wp-json\/wp\/v2\/posts"}],"about":[{"href":"https:\/\/nvnoticias.mx\/index.php\/wp-json\/wp\/v2\/types\/post"}],"author":[{"embeddable":true,"href":"https:\/\/nvnoticias.mx\/index.php\/wp-json\/wp\/v2\/users\/8"}],"replies":[{"embeddable":true,"href":"https:\/\/nvnoticias.mx\/index.php\/wp-json\/wp\/v2\/comments?post=231126"}],"version-history":[{"count":1,"href":"https:\/\/nvnoticias.mx\/index.php\/wp-json\/wp\/v2\/posts\/231126\/revisions"}],"predecessor-version":[{"id":231127,"href":"https:\/\/nvnoticias.mx\/index.php\/wp-json\/wp\/v2\/posts\/231126\/revisions\/231127"}],"wp:featuredmedia":[{"embeddable":true,"href":"https:\/\/nvnoticias.mx\/index.php\/wp-json\/wp\/v2\/media\/88315"}],"wp:attachment":[{"href":"https:\/\/nvnoticias.mx\/index.php\/wp-json\/wp\/v2\/media?parent=231126"}],"wp:term":[{"taxonomy":"category","embeddable":true,"href":"https:\/\/nvnoticias.mx\/index.php\/wp-json\/wp\/v2\/categories?post=231126"},{"taxonomy":"post_tag","embeddable":true,"href":"https:\/\/nvnoticias.mx\/index.php\/wp-json\/wp\/v2\/tags?post=231126"}],"curies":[{"name":"wp","href":"https:\/\/api.w.org\/{rel}","templated":true}]}}