{"id":231121,"date":"2026-09-04T12:56:16","date_gmt":"2026-09-04T18:56:16","guid":{"rendered":"https:\/\/nvnoticias.mx\/?p=231121"},"modified":"2026-09-04T12:56:22","modified_gmt":"2026-09-04T18:56:22","slug":"travis-kelce-habla-abiertamente-sobre-su-magica-boda-sonada-con-taylor-swift","status":"publish","type":"post","link":"https:\/\/nvnoticias.mx\/index.php\/2026\/09\/04\/travis-kelce-habla-abiertamente-sobre-su-magica-boda-sonada-con-taylor-swift\/","title":{"rendered":"Travis Kelce habla abiertamente sobre su \u201cm\u00e1gica\u201d boda so\u00f1ada con Taylor Swift"},"content":{"rendered":"\n<p class=\"wp-block-paragraph\">Travis Kelce\u00a0revel\u00f3 nuevos\u00a0detalles\u00a0sobre su &#8220;m\u00e1gica&#8221;\u00a0boda\u00a0con\u00a0Taylor Swift\u00a0durante el estreno de la nueva temporada de su podcast\u00a0<em>New Heights<\/em>.<\/p>\n\n\n\n<p class=\"wp-block-paragraph\">Su hermano y copresentador, Jason Kelce, le dio la bienvenida llam\u00e1ndolo &#8220;hombre casado&#8221;. &#8220;As\u00ed es&#8221;, respondi\u00f3 Travis mientras mostraba a la c\u00e1mara el anillo de bodas que llevaba en la mano izquierda.<\/p>\n\n\n\n<p class=\"wp-block-paragraph\">&#8220;Soy un hombre casado&#8221;, a\u00f1adi\u00f3.<\/p>\n\n\n\n<p class=\"wp-block-paragraph\">La cantante y el ala cerrada de la NFL, ambos de 36 a\u00f1os, se casaron el 3 de julio en el Madison Square Garden de Nueva York, un lugar que, seg\u00fan Kelce, les permiti\u00f3 celebrar en un ambiente &#8220;privado&#8221; y &#8220;sin muchas distracciones&#8221;.<\/p>\n\n\n\n<p class=\"wp-block-paragraph\">M\u00e1s de 1.000 invitados asistieron a la celebraci\u00f3n y, aunque muchos compartieron im\u00e1genes de la noche en redes sociales, los reci\u00e9n casados todav\u00eda no han publicado fotograf\u00edas ni revelado demasiados detalles de su gran d\u00eda.<\/p>\n\n\n\n<p class=\"wp-block-paragraph\">Travis asegur\u00f3 que desde entonces lo ha pasado &#8220;de maravilla&#8221; y record\u00f3 la boda como una &#8220;noche inolvidable&#8221; y &#8220;m\u00e1gica&#8221;.<\/p>\n","protected":false},"excerpt":{"rendered":"<p>Travis Kelce\u00a0revel\u00f3 nuevos\u00a0detalles\u00a0sobre su &#8220;m\u00e1gica&#8221;\u00a0boda\u00a0con\u00a0Taylor Swift\u00a0durante el estreno de la nueva temporada de su podcast\u00a0New Heights. Su hermano y copresentador, Jason Kelce, le dio la bienvenida llam\u00e1ndolo &#8220;hombre casado&#8221;. &#8220;As\u00ed es&#8221;, respondi\u00f3 Travis mientras mostraba a la c\u00e1mara el anillo de bodas que llevaba en la mano izquierda. &#8220;Soy un hombre casado&#8221;, a\u00f1adi\u00f3. La cantante [&hellip;]<\/p>\n","protected":false},"author":35,"featured_media":231123,"comment_status":"open","ping_status":"open","sticky":false,"template":"","format":"standard","meta":{"_monsterinsights_skip_tracking":false,"footnotes":""},"categories":[576],"tags":[4135,27460],"class_list":["post-231121","post","type-post","status-publish","format-standard","has-post-thumbnail","hentry","category-ocio","tag-taylor-swift","tag-travis-kelce","wp-image-borders"],"amp_enabled":true,"_links":{"self":[{"href":"https:\/\/nvnoticias.mx\/index.php\/wp-json\/wp\/v2\/posts\/231121","targetHints":{"allow":["GET"]}}],"collection":[{"href":"https:\/\/nvnoticias.mx\/index.php\/wp-json\/wp\/v2\/posts"}],"about":[{"href":"https:\/\/nvnoticias.mx\/index.php\/wp-json\/wp\/v2\/types\/post"}],"author":[{"embeddable":true,"href":"https:\/\/nvnoticias.mx\/index.php\/wp-json\/wp\/v2\/users\/35"}],"replies":[{"embeddable":true,"href":"https:\/\/nvnoticias.mx\/index.php\/wp-json\/wp\/v2\/comments?post=231121"}],"version-history":[{"count":3,"href":"https:\/\/nvnoticias.mx\/index.php\/wp-json\/wp\/v2\/posts\/231121\/revisions"}],"predecessor-version":[{"id":231133,"href":"https:\/\/nvnoticias.mx\/index.php\/wp-json\/wp\/v2\/posts\/231121\/revisions\/231133"}],"wp:featuredmedia":[{"embeddable":true,"href":"https:\/\/nvnoticias.mx\/index.php\/wp-json\/wp\/v2\/media\/231123"}],"wp:attachment":[{"href":"https:\/\/nvnoticias.mx\/index.php\/wp-json\/wp\/v2\/media?parent=231121"}],"wp:term":[{"taxonomy":"category","embeddable":true,"href":"https:\/\/nvnoticias.mx\/index.php\/wp-json\/wp\/v2\/categories?post=231121"},{"taxonomy":"post_tag","embeddable":true,"href":"https:\/\/nvnoticias.mx\/index.php\/wp-json\/wp\/v2\/tags?post=231121"}],"curies":[{"name":"wp","href":"https:\/\/api.w.org\/{rel}","templated":true}]}}