{"id":231114,"date":"2026-09-04T12:27:21","date_gmt":"2026-09-04T18:27:21","guid":{"rendered":"https:\/\/nvnoticias.mx\/?p=231114"},"modified":"2026-09-04T12:27:26","modified_gmt":"2026-09-04T18:27:26","slug":"fallece-jugador-de-piratas-fc-previo-a-entrenamiento","status":"publish","type":"post","link":"https:\/\/nvnoticias.mx\/index.php\/2026\/09\/04\/fallece-jugador-de-piratas-fc-previo-a-entrenamiento\/","title":{"rendered":"Fallece jugador de Piratas FC previo a entrenamiento"},"content":{"rendered":"\n<p class=\"wp-block-paragraph\"><\/p>\n\n\n\n<p class=\"wp-block-paragraph\">Un joven jugador de las<strong>&nbsp;fuerzas b\u00e1sicas&nbsp;<\/strong>del equipo&nbsp;<strong>Piratas FC, identificado como Gael Uscanga,&nbsp;<\/strong>falleci\u00f3 la ma\u00f1ana de este viernes.<\/p>\n\n\n\n<p class=\"wp-block-paragraph\">De acuerdo con las primeras versiones, el adolescente se encontraba en entrenamiento, cuando de repente se agarr\u00f3 el pecho e inmediatamente se desvaneci\u00f3.<\/p>\n\n\n\n<p class=\"wp-block-paragraph\">Tras lo ocurrido, personal del equipo lo traslad\u00f3 hacia la&nbsp;<strong>Cruz Roja<\/strong>, donde sea ha confirmado ya el deceso de este joven entre&nbsp;<strong>15 y 16 a\u00f1os<\/strong>.<\/p>\n\n\n\n<p class=\"wp-block-paragraph\">Personal del club deportivo, se concentro en las instalaciones de la&nbsp;<strong>Cruz Roja de Veracruz<\/strong>, ubicada en la&nbsp;<strong>avenida Salvador D\u00edaz Mir\u00f3n<\/strong>.<\/p>\n\n\n\n<p class=\"wp-block-paragraph\">Al lugar tambi\u00e9n llegaron elementos de la&nbsp;<strong>Polic\u00eda Estatal<\/strong>, quienes acordonaron la zona en espera de las autoridades.<\/p>\n","protected":false},"excerpt":{"rendered":"<p>Un joven jugador de las&nbsp;fuerzas b\u00e1sicas&nbsp;del equipo&nbsp;Piratas FC, identificado como Gael Uscanga,&nbsp;falleci\u00f3 la ma\u00f1ana de este viernes. De acuerdo con las primeras versiones, el adolescente se encontraba en entrenamiento, cuando de repente se agarr\u00f3 el pecho e inmediatamente se desvaneci\u00f3. Tras lo ocurrido, personal del equipo lo traslad\u00f3 hacia la&nbsp;Cruz Roja, donde sea ha confirmado [&hellip;]<\/p>\n","protected":false},"author":8,"featured_media":231115,"comment_status":"open","ping_status":"open","sticky":false,"template":"","format":"standard","meta":{"_monsterinsights_skip_tracking":false,"footnotes":""},"categories":[159],"tags":[751,9513,33296],"class_list":["post-231114","post","type-post","status-publish","format-standard","has-post-thumbnail","hentry","category-deportes","tag-fallecimiento","tag-jugador","tag-piratas-fc","wp-image-borders"],"amp_enabled":true,"_links":{"self":[{"href":"https:\/\/nvnoticias.mx\/index.php\/wp-json\/wp\/v2\/posts\/231114","targetHints":{"allow":["GET"]}}],"collection":[{"href":"https:\/\/nvnoticias.mx\/index.php\/wp-json\/wp\/v2\/posts"}],"about":[{"href":"https:\/\/nvnoticias.mx\/index.php\/wp-json\/wp\/v2\/types\/post"}],"author":[{"embeddable":true,"href":"https:\/\/nvnoticias.mx\/index.php\/wp-json\/wp\/v2\/users\/8"}],"replies":[{"embeddable":true,"href":"https:\/\/nvnoticias.mx\/index.php\/wp-json\/wp\/v2\/comments?post=231114"}],"version-history":[{"count":1,"href":"https:\/\/nvnoticias.mx\/index.php\/wp-json\/wp\/v2\/posts\/231114\/revisions"}],"predecessor-version":[{"id":231116,"href":"https:\/\/nvnoticias.mx\/index.php\/wp-json\/wp\/v2\/posts\/231114\/revisions\/231116"}],"wp:featuredmedia":[{"embeddable":true,"href":"https:\/\/nvnoticias.mx\/index.php\/wp-json\/wp\/v2\/media\/231115"}],"wp:attachment":[{"href":"https:\/\/nvnoticias.mx\/index.php\/wp-json\/wp\/v2\/media?parent=231114"}],"wp:term":[{"taxonomy":"category","embeddable":true,"href":"https:\/\/nvnoticias.mx\/index.php\/wp-json\/wp\/v2\/categories?post=231114"},{"taxonomy":"post_tag","embeddable":true,"href":"https:\/\/nvnoticias.mx\/index.php\/wp-json\/wp\/v2\/tags?post=231114"}],"curies":[{"name":"wp","href":"https:\/\/api.w.org\/{rel}","templated":true}]}}