{"id":231111,"date":"2026-09-04T12:29:33","date_gmt":"2026-09-04T18:29:33","guid":{"rendered":"https:\/\/nvnoticias.mx\/?p=231111"},"modified":"2026-09-04T12:29:40","modified_gmt":"2026-09-04T18:29:40","slug":"pide-mexico-a-eu-detener-y-extraditar-a-esposa-de-garcia-luna","status":"publish","type":"post","link":"https:\/\/nvnoticias.mx\/index.php\/2026\/09\/04\/pide-mexico-a-eu-detener-y-extraditar-a-esposa-de-garcia-luna\/","title":{"rendered":"Pide M\u00e9xico a EU detener y extraditar a esposa de Garc\u00eda Luna"},"content":{"rendered":"\n<p class=\"wp-block-paragraph\">M\u00e9xico solicit\u00f3 a Estados Unidos la detenci\u00f3n provisional con fines de extradici\u00f3n de\u00a0Linda Cristina Pereyra G\u00e1lvez, esposa del exsecretario de Seguridad P\u00fablica, Genaro Garc\u00eda Luna, por su presunta participaci\u00f3n en delitos de<strong>\u00a0lavado de dinero y delincuencia organizada.<\/strong><\/p>\n\n\n\n<p class=\"wp-block-paragraph\">La petici\u00f3n fue presentada por el Gobierno de M\u00e9xico y se encuentra bajo an\u00e1lisis de las autoridades estadounidenses, detall\u00f3 el periodista Arturo \u00c1ngel. La solicitud busca que\u00a0Cristina Pereyra sea detenida\u00a0mientras se desarrolla el procedimiento de<strong>\u00a0extradici\u00f3n hacia M\u00e9xico.<\/strong><\/p>\n\n\n\n<p class=\"wp-block-paragraph\">Estados Unidos deber\u00e1 analizar la petici\u00f3n mexicana y determinar si procede la detenci\u00f3n provisional y, posteriormente, el proceso de extradici\u00f3n.<\/p>\n\n\n\n<p class=\"wp-block-paragraph\">La presidenta Claudia Sheinbaum confirm\u00f3 este viernes 4 de septiembre que existe una orden de detenci\u00f3n y extradici\u00f3n contra\u00a0Linda Cristina Pereyra.<\/p>\n\n\n\n<p class=\"wp-block-paragraph\">Fuente: <a href=\"https:\/\/www.elfinanciero.com.mx\/nacional\/2026\/09\/04\/mexico-le-pisa-los-talones-a-cristina-pereyra-pide-a-eu-detener-y-extraditar-a-esposa-de-garcia-luna\/\">El Financiero<\/a><\/p>\n","protected":false},"excerpt":{"rendered":"<p>M\u00e9xico solicit\u00f3 a Estados Unidos la detenci\u00f3n provisional con fines de extradici\u00f3n de\u00a0Linda Cristina Pereyra G\u00e1lvez, esposa del exsecretario de Seguridad P\u00fablica, Genaro Garc\u00eda Luna, por su presunta participaci\u00f3n en delitos de\u00a0lavado de dinero y delincuencia organizada. La petici\u00f3n fue presentada por el Gobierno de M\u00e9xico y se encuentra bajo an\u00e1lisis de las autoridades estadounidenses, [&hellip;]<\/p>\n","protected":false},"author":35,"featured_media":231113,"comment_status":"open","ping_status":"open","sticky":false,"template":"","format":"standard","meta":{"_monsterinsights_skip_tracking":false,"footnotes":""},"categories":[158],"tags":[183,4504,292,162],"class_list":["post-231111","post","type-post","status-publish","format-standard","has-post-thumbnail","hentry","category-politica","tag-estados-unidos","tag-genaro-garcia-luna","tag-mexico","tag-portada","wp-image-borders"],"amp_enabled":true,"_links":{"self":[{"href":"https:\/\/nvnoticias.mx\/index.php\/wp-json\/wp\/v2\/posts\/231111","targetHints":{"allow":["GET"]}}],"collection":[{"href":"https:\/\/nvnoticias.mx\/index.php\/wp-json\/wp\/v2\/posts"}],"about":[{"href":"https:\/\/nvnoticias.mx\/index.php\/wp-json\/wp\/v2\/types\/post"}],"author":[{"embeddable":true,"href":"https:\/\/nvnoticias.mx\/index.php\/wp-json\/wp\/v2\/users\/35"}],"replies":[{"embeddable":true,"href":"https:\/\/nvnoticias.mx\/index.php\/wp-json\/wp\/v2\/comments?post=231111"}],"version-history":[{"count":5,"href":"https:\/\/nvnoticias.mx\/index.php\/wp-json\/wp\/v2\/posts\/231111\/revisions"}],"predecessor-version":[{"id":231120,"href":"https:\/\/nvnoticias.mx\/index.php\/wp-json\/wp\/v2\/posts\/231111\/revisions\/231120"}],"wp:featuredmedia":[{"embeddable":true,"href":"https:\/\/nvnoticias.mx\/index.php\/wp-json\/wp\/v2\/media\/231113"}],"wp:attachment":[{"href":"https:\/\/nvnoticias.mx\/index.php\/wp-json\/wp\/v2\/media?parent=231111"}],"wp:term":[{"taxonomy":"category","embeddable":true,"href":"https:\/\/nvnoticias.mx\/index.php\/wp-json\/wp\/v2\/categories?post=231111"},{"taxonomy":"post_tag","embeddable":true,"href":"https:\/\/nvnoticias.mx\/index.php\/wp-json\/wp\/v2\/tags?post=231111"}],"curies":[{"name":"wp","href":"https:\/\/api.w.org\/{rel}","templated":true}]}}