{"id":231104,"date":"2026-09-04T12:14:23","date_gmt":"2026-09-04T18:14:23","guid":{"rendered":"https:\/\/nvnoticias.mx\/?p=231104"},"modified":"2026-09-04T12:14:34","modified_gmt":"2026-09-04T18:14:34","slug":"drones-derribados-por-eu-en-la-frontera-eran-usados-para-vigilar-rutas-de-trafico-de-migrantes-sedena","status":"publish","type":"post","link":"https:\/\/nvnoticias.mx\/index.php\/2026\/09\/04\/drones-derribados-por-eu-en-la-frontera-eran-usados-para-vigilar-rutas-de-trafico-de-migrantes-sedena\/","title":{"rendered":"Drones derribados por EU en la frontera eran usados para vigilar rutas de tr\u00e1fico de migrantes: Sedena"},"content":{"rendered":"\n<p class=\"wp-block-paragraph\">Los\u00a0drones derribados por Estados Unidos en la frontera norte\u00a0eran utilizados por\u00a0<strong>grupos de traficantes de migrantes<\/strong>, dijo el general secretario Ricardo Trevilla Trejo este viernes 4 de septiembre.<\/p>\n\n\n\n<p class=\"wp-block-paragraph\">El titular de la Defensa Nacional respondi\u00f3 as\u00ed al reporte de&nbsp;<em>Fox News<\/em>&nbsp;de que el Grupo de Trabajo de la Frontera Sur de EU destruy\u00f3 alrededor de&nbsp;<strong>100 drones presuntamente de c\u00e1rteles&nbsp;<\/strong>durante agosto.<\/p>\n\n\n\n<blockquote class=\"wp-block-quote is-layout-flow wp-block-quote-is-layout-flow\">\n<p class=\"wp-block-paragraph\">\u201cLo que nos ha comentado las autoridades de Estados Unidos en las juntas de comandantes fronterizos, mencionan que los utilizan grupos delictivos. Son drones comerciales que capturan im\u00e1genes y lo que buscan es ver esas rutas, que est\u00e9n libres,\u00a0<strong>que no haya presencia de la autoridad<\/strong>\u201d, dijo en la \u2018ma\u00f1anera\u2019 desde Zacatecas.<\/p>\n<\/blockquote>\n\n\n\n<p class=\"wp-block-paragraph\">Fuente: La <a href=\"https:\/\/www.elfinanciero.com.mx\/nacional\/2026\/09\/04\/drones-derribados-en-la-frontera-eran-utilizados-para-vigilar-rutas-de-trafico-de-migrantes-sedena\/\">Jornada<\/a><\/p>\n","protected":false},"excerpt":{"rendered":"<p>Los\u00a0drones derribados por Estados Unidos en la frontera norte\u00a0eran utilizados por\u00a0grupos de traficantes de migrantes, dijo el general secretario Ricardo Trevilla Trejo este viernes 4 de septiembre. El titular de la Defensa Nacional respondi\u00f3 as\u00ed al reporte de&nbsp;Fox News&nbsp;de que el Grupo de Trabajo de la Frontera Sur de EU destruy\u00f3 alrededor de&nbsp;100 drones presuntamente [&hellip;]<\/p>\n","protected":false},"author":35,"featured_media":231105,"comment_status":"open","ping_status":"open","sticky":false,"template":"","format":"standard","meta":{"_monsterinsights_skip_tracking":false,"footnotes":""},"categories":[158],"tags":[183,162,617],"class_list":["post-231104","post","type-post","status-publish","format-standard","has-post-thumbnail","hentry","category-politica","tag-estados-unidos","tag-portada","tag-sedena","wp-image-borders"],"amp_enabled":true,"_links":{"self":[{"href":"https:\/\/nvnoticias.mx\/index.php\/wp-json\/wp\/v2\/posts\/231104","targetHints":{"allow":["GET"]}}],"collection":[{"href":"https:\/\/nvnoticias.mx\/index.php\/wp-json\/wp\/v2\/posts"}],"about":[{"href":"https:\/\/nvnoticias.mx\/index.php\/wp-json\/wp\/v2\/types\/post"}],"author":[{"embeddable":true,"href":"https:\/\/nvnoticias.mx\/index.php\/wp-json\/wp\/v2\/users\/35"}],"replies":[{"embeddable":true,"href":"https:\/\/nvnoticias.mx\/index.php\/wp-json\/wp\/v2\/comments?post=231104"}],"version-history":[{"count":2,"href":"https:\/\/nvnoticias.mx\/index.php\/wp-json\/wp\/v2\/posts\/231104\/revisions"}],"predecessor-version":[{"id":231107,"href":"https:\/\/nvnoticias.mx\/index.php\/wp-json\/wp\/v2\/posts\/231104\/revisions\/231107"}],"wp:featuredmedia":[{"embeddable":true,"href":"https:\/\/nvnoticias.mx\/index.php\/wp-json\/wp\/v2\/media\/231105"}],"wp:attachment":[{"href":"https:\/\/nvnoticias.mx\/index.php\/wp-json\/wp\/v2\/media?parent=231104"}],"wp:term":[{"taxonomy":"category","embeddable":true,"href":"https:\/\/nvnoticias.mx\/index.php\/wp-json\/wp\/v2\/categories?post=231104"},{"taxonomy":"post_tag","embeddable":true,"href":"https:\/\/nvnoticias.mx\/index.php\/wp-json\/wp\/v2\/tags?post=231104"}],"curies":[{"name":"wp","href":"https:\/\/api.w.org\/{rel}","templated":true}]}}