{"id":231101,"date":"2026-09-04T12:03:01","date_gmt":"2026-09-04T18:03:01","guid":{"rendered":"https:\/\/nvnoticias.mx\/?p=231101"},"modified":"2026-09-04T12:18:25","modified_gmt":"2026-09-04T18:18:25","slug":"trasciende-presunto-asesinato-del-diputado-federal-zenyazen-escobar-en-cardel","status":"publish","type":"post","link":"https:\/\/nvnoticias.mx\/index.php\/2026\/09\/04\/trasciende-presunto-asesinato-del-diputado-federal-zenyazen-escobar-en-cardel\/","title":{"rendered":"Trasciende presunto asesinato del diputado federal Zenyazen Escobar en Cardel"},"content":{"rendered":"\n<p class=\"wp-block-paragraph\"><br>Por <strong>Jes\u00fas Utrilla<\/strong><\/p>\n\n\n\n<p class=\"wp-block-paragraph\"><br>Cardel, Ver.\u2014 Trascendi\u00f3 este viernes el presunto asesinato del diputado federal por Morena, Zenyazen Escobar Garc\u00eda, ocurrido en el municipio de La Antigua, en la zona de Cardel, Veracruz.<br>De acuerdo con las primeras versiones que circulan, el legislador habr\u00eda sido v\u00edctima de un ataque, aunque hasta el momento no existe confirmaci\u00f3n oficial de las autoridades sobre el hecho, por lo que se mantiene bajo car\u00e1cter de informaci\u00f3n preliminar.<\/p>\n\n\n\n<p class=\"wp-block-paragraph\"><br>Zenyazen Escobar Garc\u00eda es diputado federal por Veracruz y anteriormente se desempe\u00f1\u00f3 como secretario de Educaci\u00f3n de Veracruz durante la administraci\u00f3n del exgobernador Cuitl\u00e1huac Garc\u00eda Jim\u00e9nez.<\/p>\n\n\n\n<p class=\"wp-block-paragraph\"><br>El nombre del legislador tambi\u00e9n cobr\u00f3 relevancia en mayo pasado, luego de que una embarcaci\u00f3n recreativa explotara y se incendiara en la zona de El Estero, entre Boca del R\u00edo y Alvarado, hecho en el que cuatro mujeres resultaron afectadas y dos de ellas requirieron atenci\u00f3n hospitalaria.<\/p>\n\n\n\n<p class=\"wp-block-paragraph\"><br>Tras el accidente, Escobar Garc\u00eda asegur\u00f3 que se encontraba cerca del lugar a bordo de una moto acu\u00e1tica junto con su hija y que acudi\u00f3 a auxiliar a las personas que se encontraban en el agua. Asimismo, neg\u00f3 ser propietario del yate siniestrado.<br>Hasta el momento, se espera que las autoridades correspondientes confirmen o descarten oficialmente el presunto ataque contra el legislador y den a conocer mayores detalles sobre lo ocurrido en Cardel.<\/p>\n","protected":false},"excerpt":{"rendered":"<p>Por Jes\u00fas Utrilla Cardel, Ver.\u2014 Trascendi\u00f3 este viernes el presunto asesinato del diputado federal por Morena, Zenyazen Escobar Garc\u00eda, ocurrido en el municipio de La Antigua, en la zona de Cardel, Veracruz.De acuerdo con las primeras versiones que circulan, el legislador habr\u00eda sido v\u00edctima de un ataque, aunque hasta el momento no existe confirmaci\u00f3n oficial [&hellip;]<\/p>\n","protected":false},"author":35,"featured_media":231110,"comment_status":"open","ping_status":"open","sticky":false,"template":"","format":"standard","meta":{"_monsterinsights_skip_tracking":false,"footnotes":""},"categories":[154],"tags":[4427,162,1424],"class_list":["post-231101","post","type-post","status-publish","format-standard","has-post-thumbnail","hentry","category-veracruz","tag-cardel","tag-portada","tag-zenyazen-escobar","wp-image-borders"],"amp_enabled":true,"_links":{"self":[{"href":"https:\/\/nvnoticias.mx\/index.php\/wp-json\/wp\/v2\/posts\/231101","targetHints":{"allow":["GET"]}}],"collection":[{"href":"https:\/\/nvnoticias.mx\/index.php\/wp-json\/wp\/v2\/posts"}],"about":[{"href":"https:\/\/nvnoticias.mx\/index.php\/wp-json\/wp\/v2\/types\/post"}],"author":[{"embeddable":true,"href":"https:\/\/nvnoticias.mx\/index.php\/wp-json\/wp\/v2\/users\/35"}],"replies":[{"embeddable":true,"href":"https:\/\/nvnoticias.mx\/index.php\/wp-json\/wp\/v2\/comments?post=231101"}],"version-history":[{"count":1,"href":"https:\/\/nvnoticias.mx\/index.php\/wp-json\/wp\/v2\/posts\/231101\/revisions"}],"predecessor-version":[{"id":231103,"href":"https:\/\/nvnoticias.mx\/index.php\/wp-json\/wp\/v2\/posts\/231101\/revisions\/231103"}],"wp:featuredmedia":[{"embeddable":true,"href":"https:\/\/nvnoticias.mx\/index.php\/wp-json\/wp\/v2\/media\/231110"}],"wp:attachment":[{"href":"https:\/\/nvnoticias.mx\/index.php\/wp-json\/wp\/v2\/media?parent=231101"}],"wp:term":[{"taxonomy":"category","embeddable":true,"href":"https:\/\/nvnoticias.mx\/index.php\/wp-json\/wp\/v2\/categories?post=231101"},{"taxonomy":"post_tag","embeddable":true,"href":"https:\/\/nvnoticias.mx\/index.php\/wp-json\/wp\/v2\/tags?post=231101"}],"curies":[{"name":"wp","href":"https:\/\/api.w.org\/{rel}","templated":true}]}}