{"id":231098,"date":"2026-09-04T11:57:54","date_gmt":"2026-09-04T17:57:54","guid":{"rendered":"https:\/\/nvnoticias.mx\/?p=231098"},"modified":"2026-09-04T12:00:01","modified_gmt":"2026-09-04T18:00:01","slug":"autoriza-el-cabildo-solicitar-la-entrega-de-la-barandilla-a-la-policia-municipal","status":"publish","type":"post","link":"https:\/\/nvnoticias.mx\/index.php\/2026\/09\/04\/autoriza-el-cabildo-solicitar-la-entrega-de-la-barandilla-a-la-policia-municipal\/","title":{"rendered":"Autoriza el Cabildo solicitar la entrega\u00a0de la barandilla a la polic\u00eda municipal"},"content":{"rendered":"\n<p class=\"wp-block-paragraph\"><\/p>\n\n\n\n<p class=\"wp-block-paragraph\"><strong>Jes\u00fas Utrilla \/ NV Noticias <\/strong><\/p>\n\n\n\n<p class=\"wp-block-paragraph\">El Cabildo porte\u00f1o autoriz\u00f3 a la alcaldesa Rosa Mar\u00eda Hern\u00e1ndez Espejo solicitar formalmente a la Secretar\u00eda de Marina-Armada de M\u00e9xico la entrega de la barandilla de la Polic\u00eda Municipal, despu\u00e9s de m\u00e1s de 12 a\u00f1os de ser manejada por la SEMAR, en acatamiento a los art\u00edculos 115 y 21 de la Constituci\u00f3n y conforme a la Ley Nacional de Seguridad y la Ley del Sistema Estatal de Seguridad P\u00fablica del Estado de Veracruz.<\/p>\n\n\n\n<p class=\"wp-block-paragraph\">La propuesta, presentada por el regidor priista Gustavo Gudi\u00f1o Corro ante el \u00f3rgano colegiado y m\u00e1xima autoridad del gobierno municipal, fue aprobada por unanimidad. Una vez que se oficialice la solicitud, iniciar\u00e1 un periodo de transici\u00f3n de hasta 180 d\u00edas para que el Ayuntamiento retome el control de esa \u00e1rea de detenci\u00f3n temporal y responsable de recibir, calificar y sancionar las faltas administrativas cometidas por los ciudadanos.<\/p>\n\n\n\n<p class=\"wp-block-paragraph\">Si bien la Barandilla se convertir\u00e1 en una nueva fuente de ingresos destinados a la seguridad p\u00fablica, no se trata de una medida recaudatoria; el prop\u00f3sito es dar cumplimiento a lo que manda la Constituci\u00f3n, al tiempo de promover una cultura de respeto al Bando de Polic\u00eda y Buen Gobierno y evitar recomendaciones de los organismos de Derechos Humanos, considerando que la autoridad municipal es la \u00fanica facultada por ley para sancionar faltas administrativas.<\/p>\n\n\n\n<p class=\"wp-block-paragraph\">El Bando de Polic\u00eda se\u00f1ala, entre otras infracciones, alterar el orden p\u00fablico, ri\u00f1as, consumir alcohol o drogas en la v\u00eda p\u00fablica, hacer necesidades fisiol\u00f3gicas en la calle, iniciar una obra material sin permiso oficial o colocar anuncios publicitarios sin autorizaci\u00f3n, cuyas multas van de 50 a 150 UMAS, aunque el juez calificar\u00e1 las faltas y sancionar\u00e1 a su criterio con amonestaci\u00f3n p\u00fablica o privada, arresto hasta por 36 horas, multa o prestar servicio a la comunidad.&nbsp;<\/p>\n\n\n\n<p class=\"wp-block-paragraph\">De acuerdo con el regidor Gustavo Gudi\u00f1o Corrro, encargado de la Comisi\u00f3n de Polic\u00eda y Prevenci\u00f3n del Delito del Ayuntamiento porte\u00f1o, desde 2014 el funcionamiento de la barandilla y jueces calificadores se encarg\u00f3 a la Secretar\u00eda de Marina, en virtud de un decreto estatal y la firma de convenios de colaboraci\u00f3n con esta instituci\u00f3n en materia de seguridad, por la falta de capacidad de la polic\u00eda municipal para cumplir eficazmente con esta tarea.<\/p>\n\n\n\n<p class=\"wp-block-paragraph\">En cuanto al nombramiento de los jueces, el edil manifest\u00f3 que se trata de una facultad exclusiva de la doctora Rosa Mar\u00eda Hern\u00e1ndez Espejo, como titular municipal.<\/p>\n","protected":false},"excerpt":{"rendered":"<p>Jes\u00fas Utrilla \/ NV Noticias El Cabildo porte\u00f1o autoriz\u00f3 a la alcaldesa Rosa Mar\u00eda Hern\u00e1ndez Espejo solicitar formalmente a la Secretar\u00eda de Marina-Armada de M\u00e9xico la entrega de la barandilla de la Polic\u00eda Municipal, despu\u00e9s de m\u00e1s de 12 a\u00f1os de ser manejada por la SEMAR, en acatamiento a los art\u00edculos 115 y 21 de [&hellip;]<\/p>\n","protected":false},"author":8,"featured_media":45604,"comment_status":"open","ping_status":"open","sticky":false,"template":"","format":"standard","meta":{"_monsterinsights_skip_tracking":false,"footnotes":""},"categories":[154],"tags":[5497,1014],"class_list":["post-231098","post","type-post","status-publish","format-standard","has-post-thumbnail","hentry","category-veracruz","tag-banderilla","tag-policia","wp-image-borders"],"amp_enabled":true,"_links":{"self":[{"href":"https:\/\/nvnoticias.mx\/index.php\/wp-json\/wp\/v2\/posts\/231098","targetHints":{"allow":["GET"]}}],"collection":[{"href":"https:\/\/nvnoticias.mx\/index.php\/wp-json\/wp\/v2\/posts"}],"about":[{"href":"https:\/\/nvnoticias.mx\/index.php\/wp-json\/wp\/v2\/types\/post"}],"author":[{"embeddable":true,"href":"https:\/\/nvnoticias.mx\/index.php\/wp-json\/wp\/v2\/users\/8"}],"replies":[{"embeddable":true,"href":"https:\/\/nvnoticias.mx\/index.php\/wp-json\/wp\/v2\/comments?post=231098"}],"version-history":[{"count":1,"href":"https:\/\/nvnoticias.mx\/index.php\/wp-json\/wp\/v2\/posts\/231098\/revisions"}],"predecessor-version":[{"id":231102,"href":"https:\/\/nvnoticias.mx\/index.php\/wp-json\/wp\/v2\/posts\/231098\/revisions\/231102"}],"wp:featuredmedia":[{"embeddable":true,"href":"https:\/\/nvnoticias.mx\/index.php\/wp-json\/wp\/v2\/media\/45604"}],"wp:attachment":[{"href":"https:\/\/nvnoticias.mx\/index.php\/wp-json\/wp\/v2\/media?parent=231098"}],"wp:term":[{"taxonomy":"category","embeddable":true,"href":"https:\/\/nvnoticias.mx\/index.php\/wp-json\/wp\/v2\/categories?post=231098"},{"taxonomy":"post_tag","embeddable":true,"href":"https:\/\/nvnoticias.mx\/index.php\/wp-json\/wp\/v2\/tags?post=231098"}],"curies":[{"name":"wp","href":"https:\/\/api.w.org\/{rel}","templated":true}]}}