{"id":231095,"date":"2026-09-04T11:54:03","date_gmt":"2026-09-04T17:54:03","guid":{"rendered":"https:\/\/nvnoticias.mx\/?p=231095"},"modified":"2026-09-04T11:54:08","modified_gmt":"2026-09-04T17:54:08","slug":"el-pais-tiene-oportunidades-de-crecimiento-con-el-plan-mexico-slim-domit","status":"publish","type":"post","link":"https:\/\/nvnoticias.mx\/index.php\/2026\/09\/04\/el-pais-tiene-oportunidades-de-crecimiento-con-el-plan-mexico-slim-domit\/","title":{"rendered":"El pa\u00eds tiene oportunidades de crecimiento con el Plan M\u00e9xico: Slim Domit"},"content":{"rendered":"\n<p class=\"wp-block-paragraph\">El pa\u00eds tiene grandes oportunidades de crecimiento con el Plan M\u00e9xico de la presidenta Claudia Sheinbaum, se\u00f1al\u00f3 el presidente de los Consejos de Administraci\u00f3n de Am\u00e9rica M\u00f3vil y Grupo Carso, Carlos Slim Domit, quien tambi\u00e9n refrend\u00f3 la inversi\u00f3n del conglomerado.<\/p>\n\n\n\n<p class=\"wp-block-paragraph\">Al inaugurar M\u00e9xico Siglo 21, la reuni\u00f3n anual de los becarios de la Fundaci\u00f3n Telmex-Telcel, el empresario se\u00f1al\u00f3 que la estrategia del actual gobierno federal \u201ctiene como pilar fundamental impulsar la inversi\u00f3n p\u00fablica, privada y mixta para alcanzar niveles del 25 al 28 por ciento del producto interno bruto (PIB) y as\u00ed generar crecimientos por encima del 4 por ciento\u201d.<\/p>\n\n\n\n<p class=\"wp-block-paragraph\">Slim Domit destac\u00f3 la importancia de la inversi\u00f3n privada nacional para la creaci\u00f3n de empleos, el desarrollo y la mejora sustancial del nivel socioecon\u00f3mico de toda la poblaci\u00f3n.&nbsp; Invit\u00f3 a los j\u00f3venes a contribuir a la materializaci\u00f3n de estas oportunidades y ratific\u00f3 el compromiso \u201cirrenunciable\u201d de Am\u00e9rica M\u00f3vil y Grupo Carso de seguir invirtiendo para lograr el crecimiento del pa\u00eds.<\/p>\n\n\n\n<p class=\"wp-block-paragraph\">\u201cM\u00e9xico tiene grandes oportunidades\u201d, dijo. \u201cCuenten con nosotros y con nuestro compromiso de siempre e irrenunciable, para seguir trabajando, creando y sobre todo creyendo profundamente en M\u00e9xico\u201d, agreg\u00f3.<\/p>\n\n\n\n<p class=\"wp-block-paragraph\">En el foro, al que acudi\u00f3 el empresario m\u00e1s acaudalado del pa\u00eds, Carlos Slim Hel\u00fa, su hijo se\u00f1al\u00f3 que el consorcio que encabeza contin\u00faa realizando fuertes inversiones para garantizar que M\u00e9xico cuente con la infraestructura de telecomunicaciones m\u00e1s competitiva, en un contexto que defini\u00f3 como un \u201ccambio de \u00e9poca\u201d marcado por la inteligencia artificial.<\/p>\n\n\n\n<p class=\"wp-block-paragraph\">Slim Domit subray\u00f3 que la conectividad, basada en redes de fibra \u00f3ptica, infraestructura de 5G, cables submarinos y sat\u00e9lites, es la plataforma fundamental para impulsar el desarrollo econ\u00f3mico, la innovaci\u00f3n y la inclusi\u00f3n.&nbsp;<\/p>\n\n\n\n<p class=\"wp-block-paragraph\">Se\u00f1al\u00f3 que Am\u00e9rica M\u00f3vil ha transformado la antigua empresa p\u00fablica de telefon\u00eda en un grupo global de telecomunicaciones, activo en 25 pa\u00edses de Am\u00e9rica Latina y Europa, con el objetivo de ofrecer acceso confiable y universal.<\/p>\n\n\n\n<p class=\"wp-block-paragraph\">El empresario remarc\u00f3 que los avances tecnol\u00f3gicos actuales representan una reescritura de reglas sociales y econ\u00f3micas, similar a lo que ocurri\u00f3 con la imprenta, la electricidad o el nacimiento del internet, pero con una velocidad y trascendencia sin precedentes. \u201cNo vivimos una \u00e9poca de cambios, vivimos un cambio de \u00e9poca\u201d, afirm\u00f3.<\/p>\n\n\n\n<p class=\"wp-block-paragraph\">Respecto al papel de la inteligencia artificial, Slim Domit puntualiz\u00f3 que la pregunta no es si esta tecnolog\u00eda sustituir\u00e1 empleos, sino qui\u00e9n sabr\u00e1 aprovecharla mejor para formular las preguntas correctas, analizar datos y generar soluciones con principios y valores. \u201cLa inteligencia artificial es una herramienta para potencializar capacidades, aprender m\u00e1s r\u00e1pido y seguir elevando la calidad profesional y humana\u201d, indic\u00f3.<\/p>\n\n\n\n<p class=\"wp-block-paragraph\">El compromiso de Telmex y Telcel, dijo, se centra en mantener un proceso permanente de innovaci\u00f3n, inversi\u00f3n y capacitaci\u00f3n, con el fin de garantizar que M\u00e9xico participe de manera competitiva en esta nueva era digital y convertir el avance tecnol\u00f3gico en bienestar para millones de personas.<\/p>\n\n\n\n<p class=\"wp-block-paragraph\">Fuente: La <a href=\"https:\/\/www.jornada.com.mx\/noticia\/2026\/09\/04\/economia\/el-pais-tiene-oportunidades-de-crecimiento-con-el-plan-mexico-slim-domit\">Jornada<\/a><\/p>\n","protected":false},"excerpt":{"rendered":"<p>El pa\u00eds tiene grandes oportunidades de crecimiento con el Plan M\u00e9xico de la presidenta Claudia Sheinbaum, se\u00f1al\u00f3 el presidente de los Consejos de Administraci\u00f3n de Am\u00e9rica M\u00f3vil y Grupo Carso, Carlos Slim Domit, quien tambi\u00e9n refrend\u00f3 la inversi\u00f3n del conglomerado. Al inaugurar M\u00e9xico Siglo 21, la reuni\u00f3n anual de los becarios de la Fundaci\u00f3n Telmex-Telcel, [&hellip;]<\/p>\n","protected":false},"author":35,"featured_media":231097,"comment_status":"open","ping_status":"open","sticky":false,"template":"","format":"standard","meta":{"_monsterinsights_skip_tracking":false,"footnotes":""},"categories":[157],"tags":[8079],"class_list":["post-231095","post","type-post","status-publish","format-standard","has-post-thumbnail","hentry","category-nacional","tag-plan-mexico","wp-image-borders"],"amp_enabled":true,"_links":{"self":[{"href":"https:\/\/nvnoticias.mx\/index.php\/wp-json\/wp\/v2\/posts\/231095","targetHints":{"allow":["GET"]}}],"collection":[{"href":"https:\/\/nvnoticias.mx\/index.php\/wp-json\/wp\/v2\/posts"}],"about":[{"href":"https:\/\/nvnoticias.mx\/index.php\/wp-json\/wp\/v2\/types\/post"}],"author":[{"embeddable":true,"href":"https:\/\/nvnoticias.mx\/index.php\/wp-json\/wp\/v2\/users\/35"}],"replies":[{"embeddable":true,"href":"https:\/\/nvnoticias.mx\/index.php\/wp-json\/wp\/v2\/comments?post=231095"}],"version-history":[{"count":3,"href":"https:\/\/nvnoticias.mx\/index.php\/wp-json\/wp\/v2\/posts\/231095\/revisions"}],"predecessor-version":[{"id":231100,"href":"https:\/\/nvnoticias.mx\/index.php\/wp-json\/wp\/v2\/posts\/231095\/revisions\/231100"}],"wp:featuredmedia":[{"embeddable":true,"href":"https:\/\/nvnoticias.mx\/index.php\/wp-json\/wp\/v2\/media\/231097"}],"wp:attachment":[{"href":"https:\/\/nvnoticias.mx\/index.php\/wp-json\/wp\/v2\/media?parent=231095"}],"wp:term":[{"taxonomy":"category","embeddable":true,"href":"https:\/\/nvnoticias.mx\/index.php\/wp-json\/wp\/v2\/categories?post=231095"},{"taxonomy":"post_tag","embeddable":true,"href":"https:\/\/nvnoticias.mx\/index.php\/wp-json\/wp\/v2\/tags?post=231095"}],"curies":[{"name":"wp","href":"https:\/\/api.w.org\/{rel}","templated":true}]}}