{"id":231084,"date":"2026-09-04T10:33:38","date_gmt":"2026-09-04T16:33:38","guid":{"rendered":"https:\/\/nvnoticias.mx\/?p=231084"},"modified":"2026-09-04T10:33:44","modified_gmt":"2026-09-04T16:33:44","slug":"diego-sebastian-n-amenazo-y-exigio-dinero-a-tecladista-de-camilo-septimo-jonathan-melendez-harfuch","status":"publish","type":"post","link":"https:\/\/nvnoticias.mx\/index.php\/2026\/09\/04\/diego-sebastian-n-amenazo-y-exigio-dinero-a-tecladista-de-camilo-septimo-jonathan-melendez-harfuch\/","title":{"rendered":"Diego Sebasti\u00e1n &#8216;N&#8217; amenaz\u00f3 y exigi\u00f3 dinero a tecladista de Camilo S\u00e9ptimo, Jonathan Mel\u00e9ndez: Harfuch"},"content":{"rendered":"\n<p class=\"wp-block-paragraph\">El secretario de Seguridad y Protecci\u00f3n Ciudadana, Omar Garc\u00eda Harfuch asever\u00f3 que ante el lamentable\u00a0multihomicidio ocurrido en el estado de M\u00e9xico, en menos de doce horas se logr\u00f3 la aprehensi\u00f3n del principal responsable de este hecho, Diego Sebasti\u00e1n N. Asever\u00f3 que de acuerdo a las primeras l\u00edneas de investigaci\u00f3n se ha establecido que \u00e9l ten\u00eda relaciones comerciales con el m\u00fasico Jonathan Mel\u00e9ndez, del grupo Camilo S\u00e9ptimo.<\/p>\n\n\n\n<p class=\"wp-block-paragraph\">Durante la conferencia presidencial efectuada en esta entidad, dijo que se tiene mayor informaci\u00f3n pero a petici\u00f3n de la Fiscal\u00eda General de Justicia del estado de M\u00e9xico, se va mantener reservada informaci\u00f3n hasta que se realice la primera audiencia en el juzgado correspondiente. Sin embargo, insisti\u00f3 que Diego Sebasti\u00e1n estaba exigiendo dinero y hab\u00eda realizado amenazas al m\u00fasico.&nbsp;<\/p>\n\n\n\n<p class=\"wp-block-paragraph\">Destac\u00f3 que en coordinaci\u00f3n entre las autoridades federales y las del estado de M\u00e9xico, se logr\u00f3 la aprehensi\u00f3n en menos de doce horas de los dos principales responsables del hecho, y se investiga si particip\u00f3 alguien m\u00e1s.<\/p>\n\n\n\n<h2 class=\"wp-block-heading\">Gobierno mexiquense proteger\u00e1 al ni\u00f1o sobreviviente&nbsp;<\/h2>\n\n\n\n<p class=\"wp-block-paragraph\">En tanto, la secretar\u00eda de Gobernaci\u00f3n, Rosa Icela Rodr\u00edguez destac\u00f3 que el apoyo al ni\u00f1o que sobrevivi\u00f3 a este multihomicidio ser\u00e1 brindado por la Comisi\u00f3n Estatal de V\u00edctimas, el DIF mexiquense y la Procuradur\u00eda estatal de Protecci\u00f3n a los Menores. Sin embargo, dijo que desde el gobierno federal estar\u00e1n atentos a la situaci\u00f3n del ni\u00f1o sobreviviente.&nbsp;<\/p>\n\n\n\n<p class=\"wp-block-paragraph\">Fuente: La <a href=\"https:\/\/www.jornada.com.mx\/noticia\/2026\/09\/04\/estados\/hubo-amenazas-y-exigencias-de-dinero-entre-diego-sebastian-n-y-tecladista-de-camilo-septimo-harfuch\">Jornada<\/a><\/p>\n","protected":false},"excerpt":{"rendered":"<p>El secretario de Seguridad y Protecci\u00f3n Ciudadana, Omar Garc\u00eda Harfuch asever\u00f3 que ante el lamentable\u00a0multihomicidio ocurrido en el estado de M\u00e9xico, en menos de doce horas se logr\u00f3 la aprehensi\u00f3n del principal responsable de este hecho, Diego Sebasti\u00e1n N. Asever\u00f3 que de acuerdo a las primeras l\u00edneas de investigaci\u00f3n se ha establecido que \u00e9l ten\u00eda [&hellip;]<\/p>\n","protected":false},"author":35,"featured_media":231086,"comment_status":"open","ping_status":"open","sticky":false,"template":"","format":"standard","meta":{"_monsterinsights_skip_tracking":false,"footnotes":""},"categories":[158],"tags":[33891,16481],"class_list":["post-231084","post","type-post","status-publish","format-standard","has-post-thumbnail","hentry","category-politica","tag-camilo-septimo","tag-omar-garcia-harfuch","wp-image-borders"],"amp_enabled":true,"_links":{"self":[{"href":"https:\/\/nvnoticias.mx\/index.php\/wp-json\/wp\/v2\/posts\/231084","targetHints":{"allow":["GET"]}}],"collection":[{"href":"https:\/\/nvnoticias.mx\/index.php\/wp-json\/wp\/v2\/posts"}],"about":[{"href":"https:\/\/nvnoticias.mx\/index.php\/wp-json\/wp\/v2\/types\/post"}],"author":[{"embeddable":true,"href":"https:\/\/nvnoticias.mx\/index.php\/wp-json\/wp\/v2\/users\/35"}],"replies":[{"embeddable":true,"href":"https:\/\/nvnoticias.mx\/index.php\/wp-json\/wp\/v2\/comments?post=231084"}],"version-history":[{"count":3,"href":"https:\/\/nvnoticias.mx\/index.php\/wp-json\/wp\/v2\/posts\/231084\/revisions"}],"predecessor-version":[{"id":231088,"href":"https:\/\/nvnoticias.mx\/index.php\/wp-json\/wp\/v2\/posts\/231084\/revisions\/231088"}],"wp:featuredmedia":[{"embeddable":true,"href":"https:\/\/nvnoticias.mx\/index.php\/wp-json\/wp\/v2\/media\/231086"}],"wp:attachment":[{"href":"https:\/\/nvnoticias.mx\/index.php\/wp-json\/wp\/v2\/media?parent=231084"}],"wp:term":[{"taxonomy":"category","embeddable":true,"href":"https:\/\/nvnoticias.mx\/index.php\/wp-json\/wp\/v2\/categories?post=231084"},{"taxonomy":"post_tag","embeddable":true,"href":"https:\/\/nvnoticias.mx\/index.php\/wp-json\/wp\/v2\/tags?post=231084"}],"curies":[{"name":"wp","href":"https:\/\/api.w.org\/{rel}","templated":true}]}}