{"id":231078,"date":"2026-09-04T10:30:10","date_gmt":"2026-09-04T16:30:10","guid":{"rendered":"https:\/\/nvnoticias.mx\/?p=231078"},"modified":"2026-09-04T10:30:15","modified_gmt":"2026-09-04T16:30:15","slug":"trasladan-a-penal-de-barrientos-a-diego-sebastian-n-y-gerardo-n-para-audiencia-inicial-por-multihomicidio-en-atizapan","status":"publish","type":"post","link":"https:\/\/nvnoticias.mx\/index.php\/2026\/09\/04\/trasladan-a-penal-de-barrientos-a-diego-sebastian-n-y-gerardo-n-para-audiencia-inicial-por-multihomicidio-en-atizapan\/","title":{"rendered":"Trasladan a penal de Barrientos a Diego Sebasti\u00e1n &#8216;N&#8217; y Gerardo &#8216;N&#8217; para audiencia inicial por multihomicidio en Atizap\u00e1n"},"content":{"rendered":"\n<p class=\"wp-block-paragraph\">Los dos sujetos detenidos por el asesinato del tecladista de la banda Camilo S\u00e9ptimo, Jonathan Mel\u00e9ndez y su familia, fueron trasladados la ma\u00f1ana de este viernes al penal estatal de Barrientos en Tlalnepantla, donde quedar\u00e1n a disposici\u00f3n de un juez de control quien en las pr\u00f3ximas horas realizar\u00e1 la audiencia inicial para la formulaci\u00f3n de imputaci\u00f3n.&nbsp;<\/p>\n\n\n\n<p class=\"wp-block-paragraph\">Minutos antes de las 9 de la ma\u00f1ana Diego Sebasti\u00e1n \u201cN\u201d, socio de Jonathan, y Gerardo \u201cN\u201d, chofer de Sebasti\u00e1n, salieron esposados y custodiados de la sede central de la Fiscal\u00eda General de Justicia del Estado de M\u00e9xico, ubicada en Toluca, para ser ingresados por agentes ministeriales a un cami\u00f3n tipo Rhino, que los trasladar\u00eda hasta el penal localizado en Tlalnepantla.&nbsp;<\/p>\n\n\n\n<p class=\"wp-block-paragraph\">Jonathan Mel\u00e9ndez fue&nbsp;asesinado la noche del pasado martes 2 de septiembre en su departamento ubicado en las torres residenciales de Gran Viure, en Bosque Esmeralda, en Atizap\u00e1n de Zaragoza, presuntamente por un conflicto econ\u00f3mico que ten\u00eda con su socio&nbsp; Sebasti\u00e1n \u201cN\u201d.&nbsp;<\/p>\n\n\n\n<p class=\"wp-block-paragraph\">Antes de asesinar al tecladista de la banda Camilo S\u00e9ptimo, Sebasti\u00e1n \u201cN\u201d habr\u00eda ingresado al departamento del m\u00fasico, donde fue recibido por la esposa de \u00e9ste, a quien segundos despu\u00e9s someti\u00f3, maniat\u00f3 y le quit\u00f3 la vida de un disparo en la cabeza. Tambi\u00e9n habr\u00eda disparado contra una trabajadora dom\u00e9stica de 21 a\u00f1os de edad y la hija del m\u00fasico de s\u00f3lo 3 a\u00f1os.&nbsp;<\/p>\n\n\n\n<p class=\"wp-block-paragraph\">Se espera que en las pr\u00f3ximas horas, una vez que se de lectura a la imputaci\u00f3n que formule la FGJEM se conozca el verdadero m\u00f3vil que llev\u00f3 a Sebasti\u00e1n a quitarle la vida a estas cuatro personas.<\/p>\n\n\n\n<p class=\"wp-block-paragraph\">Fuente: La <a href=\"https:\/\/www.jornada.com.mx\/noticia\/2026\/09\/04\/estados\/trasladan-a-penal-de-barrientos-a-diego-sebastian-n-y-gerardo-n-para-audiencia-inicial-por-multihomicidio-de-atizapan\">Jornada<\/a><\/p>\n","protected":false},"excerpt":{"rendered":"<p>Los dos sujetos detenidos por el asesinato del tecladista de la banda Camilo S\u00e9ptimo, Jonathan Mel\u00e9ndez y su familia, fueron trasladados la ma\u00f1ana de este viernes al penal estatal de Barrientos en Tlalnepantla, donde quedar\u00e1n a disposici\u00f3n de un juez de control quien en las pr\u00f3ximas horas realizar\u00e1 la audiencia inicial para la formulaci\u00f3n de [&hellip;]<\/p>\n","protected":false},"author":35,"featured_media":231080,"comment_status":"open","ping_status":"open","sticky":false,"template":"","format":"standard","meta":{"_monsterinsights_skip_tracking":false,"footnotes":""},"categories":[158],"tags":[3853],"class_list":["post-231078","post","type-post","status-publish","format-standard","has-post-thumbnail","hentry","category-politica","tag-atizapan","wp-image-borders"],"amp_enabled":true,"_links":{"self":[{"href":"https:\/\/nvnoticias.mx\/index.php\/wp-json\/wp\/v2\/posts\/231078","targetHints":{"allow":["GET"]}}],"collection":[{"href":"https:\/\/nvnoticias.mx\/index.php\/wp-json\/wp\/v2\/posts"}],"about":[{"href":"https:\/\/nvnoticias.mx\/index.php\/wp-json\/wp\/v2\/types\/post"}],"author":[{"embeddable":true,"href":"https:\/\/nvnoticias.mx\/index.php\/wp-json\/wp\/v2\/users\/35"}],"replies":[{"embeddable":true,"href":"https:\/\/nvnoticias.mx\/index.php\/wp-json\/wp\/v2\/comments?post=231078"}],"version-history":[{"count":3,"href":"https:\/\/nvnoticias.mx\/index.php\/wp-json\/wp\/v2\/posts\/231078\/revisions"}],"predecessor-version":[{"id":231082,"href":"https:\/\/nvnoticias.mx\/index.php\/wp-json\/wp\/v2\/posts\/231078\/revisions\/231082"}],"wp:featuredmedia":[{"embeddable":true,"href":"https:\/\/nvnoticias.mx\/index.php\/wp-json\/wp\/v2\/media\/231080"}],"wp:attachment":[{"href":"https:\/\/nvnoticias.mx\/index.php\/wp-json\/wp\/v2\/media?parent=231078"}],"wp:term":[{"taxonomy":"category","embeddable":true,"href":"https:\/\/nvnoticias.mx\/index.php\/wp-json\/wp\/v2\/categories?post=231078"},{"taxonomy":"post_tag","embeddable":true,"href":"https:\/\/nvnoticias.mx\/index.php\/wp-json\/wp\/v2\/tags?post=231078"}],"curies":[{"name":"wp","href":"https:\/\/api.w.org\/{rel}","templated":true}]}}