{"id":231066,"date":"2026-09-03T15:56:41","date_gmt":"2026-09-03T21:56:41","guid":{"rendered":"https:\/\/nvnoticias.mx\/?p=231066"},"modified":"2026-09-03T15:56:46","modified_gmt":"2026-09-03T21:56:46","slug":"amanc-descarta-desabasto-de-medicamentos-oncologicos-en-la-torre-pediatrica-de-veracruz","status":"publish","type":"post","link":"https:\/\/nvnoticias.mx\/index.php\/2026\/09\/03\/amanc-descarta-desabasto-de-medicamentos-oncologicos-en-la-torre-pediatrica-de-veracruz\/","title":{"rendered":"AMANC descarta desabasto de medicamentos oncol\u00f3gicos en la Torre Pedi\u00e1trica de Veracruz"},"content":{"rendered":"\n<p class=\"wp-block-paragraph\"><\/p>\n\n\n\n<p class=\"wp-block-paragraph\"><strong>Jes\u00fas Utrilla \/ NV Noticias <\/strong><\/p>\n\n\n\n<p class=\"wp-block-paragraph\">Hasta el momento no se ha detectado desabasto de medicamentos oncol\u00f3gicos en la Torre Pedi\u00e1trica de Veracruz, inform\u00f3 Susana Lara Garc\u00eda, presidenta de la Asociaci\u00f3n Mexicana de Ayuda a Ni\u00f1os con C\u00e1ncer (AMANC).<\/p>\n\n\n\n<p class=\"wp-block-paragraph\">Destac\u00f3 que la atenci\u00f3n de ni\u00f1as y ni\u00f1os con c\u00e1ncer en la entidad mantiene avances importantes, incluso recientemente cinco menores lograron tocar la llamada \u201ccampana de la victoria\u201d, s\u00edmbolo de la conclusi\u00f3n de su tratamiento contra el c\u00e1ncer, situaci\u00f3n que representa un motivo de orgullo para sus familias y para las instituciones y organizaciones que los acompa\u00f1an durante el proceso.<\/p>\n\n\n\n<p class=\"wp-block-paragraph\">Destac\u00f3 que el acompa\u00f1amiento integral resulta fundamental para evitar que los menores abandonen sus tratamientos por falta de recursos, adem\u00e1s de que permite que los pacientes puedan continuar con sus estudios y retomar sus proyectos de vida una vez superada la enfermedad.<\/p>\n\n\n\n<p class=\"wp-block-paragraph\">Lara Garc\u00eda explic\u00f3 que actualmente se han observado casos de j\u00f3venes sobrevivientes que pudieron reincorporarse a la escuela, continuar con la secundaria e incluso ingresar a la universidad, por lo que consider\u00f3 importante visibilizar los casos de \u00e9xito del c\u00e1ncer infantil.<\/p>\n\n\n\n<p class=\"wp-block-paragraph\">Respecto a los se\u00f1alamientos sobre un posible desabasto de medicamentos oncol\u00f3gicos, la presidenta de AMANC asegur\u00f3 que la organizaci\u00f3n no ha recibido solicitudes relacionadas con la falta de estos f\u00e1rmacos por parte de pacientes atendidos en la Torre Pedi\u00e1trica.<\/p>\n\n\n\n<p class=\"wp-block-paragraph\">Se\u00f1al\u00f3 que dicho hospital es considerado a nivel nacional como una unidad de referencia en la atenci\u00f3n pedi\u00e1trica, por lo que existe especial cuidado para mantener el suministro necesario para los tratamientos.<\/p>\n\n\n\n<p class=\"wp-block-paragraph\">Sin embargo, reconoci\u00f3 que uno de los principales problemas que enfrentan algunos menores es la detecci\u00f3n tard\u00eda de la enfermedad. Explic\u00f3 que conseguir un diagn\u00f3stico puede tomar alrededor de mes y medio, situaci\u00f3n que retrasa el inicio de la atenci\u00f3n especializada.<\/p>\n\n\n\n<p class=\"wp-block-paragraph\">La presidenta de AMANC agreg\u00f3 que la organizaci\u00f3n mantiene coordinaci\u00f3n con las trabajadoras sociales del hospital para identificar y canalizar a las familias que requieren apoyo, adem\u00e1s de facilitar su incorporaci\u00f3n a los programas de asistencia.<\/p>\n\n\n\n<p class=\"wp-block-paragraph\">Reiter\u00f3 que AMANC mantiene disponibles sus apoyos para las familias que enfrentan dificultades econ\u00f3micas durante el tratamiento, particularmente para evitar que la falta de recursos se convierta en un motivo para abandonar la atenci\u00f3n m\u00e9dica.<\/p>\n","protected":false},"excerpt":{"rendered":"<p>Jes\u00fas Utrilla \/ NV Noticias Hasta el momento no se ha detectado desabasto de medicamentos oncol\u00f3gicos en la Torre Pedi\u00e1trica de Veracruz, inform\u00f3 Susana Lara Garc\u00eda, presidenta de la Asociaci\u00f3n Mexicana de Ayuda a Ni\u00f1os con C\u00e1ncer (AMANC). Destac\u00f3 que la atenci\u00f3n de ni\u00f1as y ni\u00f1os con c\u00e1ncer en la entidad mantiene avances importantes, incluso [&hellip;]<\/p>\n","protected":false},"author":8,"featured_media":156294,"comment_status":"open","ping_status":"open","sticky":false,"template":"","format":"standard","meta":{"_monsterinsights_skip_tracking":false,"footnotes":""},"categories":[154],"tags":[595,2137,4834],"class_list":["post-231066","post","type-post","status-publish","format-standard","has-post-thumbnail","hentry","category-veracruz","tag-abasto","tag-amanc","tag-medicamentos-oncologicos","wp-image-borders"],"amp_enabled":true,"_links":{"self":[{"href":"https:\/\/nvnoticias.mx\/index.php\/wp-json\/wp\/v2\/posts\/231066","targetHints":{"allow":["GET"]}}],"collection":[{"href":"https:\/\/nvnoticias.mx\/index.php\/wp-json\/wp\/v2\/posts"}],"about":[{"href":"https:\/\/nvnoticias.mx\/index.php\/wp-json\/wp\/v2\/types\/post"}],"author":[{"embeddable":true,"href":"https:\/\/nvnoticias.mx\/index.php\/wp-json\/wp\/v2\/users\/8"}],"replies":[{"embeddable":true,"href":"https:\/\/nvnoticias.mx\/index.php\/wp-json\/wp\/v2\/comments?post=231066"}],"version-history":[{"count":1,"href":"https:\/\/nvnoticias.mx\/index.php\/wp-json\/wp\/v2\/posts\/231066\/revisions"}],"predecessor-version":[{"id":231067,"href":"https:\/\/nvnoticias.mx\/index.php\/wp-json\/wp\/v2\/posts\/231066\/revisions\/231067"}],"wp:featuredmedia":[{"embeddable":true,"href":"https:\/\/nvnoticias.mx\/index.php\/wp-json\/wp\/v2\/media\/156294"}],"wp:attachment":[{"href":"https:\/\/nvnoticias.mx\/index.php\/wp-json\/wp\/v2\/media?parent=231066"}],"wp:term":[{"taxonomy":"category","embeddable":true,"href":"https:\/\/nvnoticias.mx\/index.php\/wp-json\/wp\/v2\/categories?post=231066"},{"taxonomy":"post_tag","embeddable":true,"href":"https:\/\/nvnoticias.mx\/index.php\/wp-json\/wp\/v2\/tags?post=231066"}],"curies":[{"name":"wp","href":"https:\/\/api.w.org\/{rel}","templated":true}]}}