{"id":231063,"date":"2026-09-03T15:33:26","date_gmt":"2026-09-03T21:33:26","guid":{"rendered":"https:\/\/nvnoticias.mx\/?p=231063"},"modified":"2026-09-03T15:33:32","modified_gmt":"2026-09-03T21:33:32","slug":"nuevamente-personal-de-salud-se-manifiesta-por-falta-de-insumos-y-medicamentos","status":"publish","type":"post","link":"https:\/\/nvnoticias.mx\/index.php\/2026\/09\/03\/nuevamente-personal-de-salud-se-manifiesta-por-falta-de-insumos-y-medicamentos\/","title":{"rendered":"Nuevamente personal de salud se manifiesta por\u00a0 falta de insumos y medicamentos"},"content":{"rendered":"\n<p class=\"wp-block-paragraph\"><br><strong>Jes\u00fas Utrilla \/ NV Noticias <\/strong><\/p>\n\n\n\n<p class=\"wp-block-paragraph\"><br>Personal m\u00e9dico del Hospital de Alta Especialidad de Veracruz (HAEV) denunci\u00f3 la falta de medicamentos, insumos y materiales necesarios para brindar atenci\u00f3n a los pacientes, situaci\u00f3n que estar\u00eda afectando la realizaci\u00f3n de cirug\u00edas y otros servicios m\u00e9dicos.<\/p>\n\n\n\n<p class=\"wp-block-paragraph\"><br>C\u00e9sar Morales, residente de tercer a\u00f1o de Pediatr\u00eda, se\u00f1al\u00f3 que las carencias se presentan en distintas \u00e1reas del nosocomio, entre ellas ginecolog\u00eda, traumatolog\u00eda y cirug\u00eda, donde se requiere material indispensable para llevar a cabo los procedimientos.<\/p>\n\n\n\n<p class=\"wp-block-paragraph\"><br>Explic\u00f3 que tambi\u00e9n existe necesidad de medicamentos b\u00e1sicos para la atenci\u00f3n de los pacientes, principalmente analg\u00e9sicos y antibi\u00f3ticos, por lo que hizo un llamado a las autoridades correspondientes para atender el desabasto.<\/p>\n\n\n\n<p class=\"wp-block-paragraph\"><br>El m\u00e9dico advirti\u00f3 que la falta de estos recursos no solo dificulta el trabajo del personal de salud, sino que tambi\u00e9n puede generar retrasos en cirug\u00edas y complicaciones para los pacientes que requieren atenci\u00f3n oportuna.<\/p>\n","protected":false},"excerpt":{"rendered":"<p>Jes\u00fas Utrilla \/ NV Noticias Personal m\u00e9dico del Hospital de Alta Especialidad de Veracruz (HAEV) denunci\u00f3 la falta de medicamentos, insumos y materiales necesarios para brindar atenci\u00f3n a los pacientes, situaci\u00f3n que estar\u00eda afectando la realizaci\u00f3n de cirug\u00edas y otros servicios m\u00e9dicos. C\u00e9sar Morales, residente de tercer a\u00f1o de Pediatr\u00eda, se\u00f1al\u00f3 que las carencias se [&hellip;]<\/p>\n","protected":false},"author":8,"featured_media":231064,"comment_status":"open","ping_status":"open","sticky":false,"template":"","format":"standard","meta":{"_monsterinsights_skip_tracking":false,"footnotes":""},"categories":[154],"tags":[15893,3373,503,317,162],"class_list":["post-231063","post","type-post","status-publish","format-standard","has-post-thumbnail","hentry","category-veracruz","tag-haev","tag-insumos","tag-manifestacion","tag-medicos","tag-portada","wp-image-borders"],"amp_enabled":true,"_links":{"self":[{"href":"https:\/\/nvnoticias.mx\/index.php\/wp-json\/wp\/v2\/posts\/231063","targetHints":{"allow":["GET"]}}],"collection":[{"href":"https:\/\/nvnoticias.mx\/index.php\/wp-json\/wp\/v2\/posts"}],"about":[{"href":"https:\/\/nvnoticias.mx\/index.php\/wp-json\/wp\/v2\/types\/post"}],"author":[{"embeddable":true,"href":"https:\/\/nvnoticias.mx\/index.php\/wp-json\/wp\/v2\/users\/8"}],"replies":[{"embeddable":true,"href":"https:\/\/nvnoticias.mx\/index.php\/wp-json\/wp\/v2\/comments?post=231063"}],"version-history":[{"count":1,"href":"https:\/\/nvnoticias.mx\/index.php\/wp-json\/wp\/v2\/posts\/231063\/revisions"}],"predecessor-version":[{"id":231065,"href":"https:\/\/nvnoticias.mx\/index.php\/wp-json\/wp\/v2\/posts\/231063\/revisions\/231065"}],"wp:featuredmedia":[{"embeddable":true,"href":"https:\/\/nvnoticias.mx\/index.php\/wp-json\/wp\/v2\/media\/231064"}],"wp:attachment":[{"href":"https:\/\/nvnoticias.mx\/index.php\/wp-json\/wp\/v2\/media?parent=231063"}],"wp:term":[{"taxonomy":"category","embeddable":true,"href":"https:\/\/nvnoticias.mx\/index.php\/wp-json\/wp\/v2\/categories?post=231063"},{"taxonomy":"post_tag","embeddable":true,"href":"https:\/\/nvnoticias.mx\/index.php\/wp-json\/wp\/v2\/tags?post=231063"}],"curies":[{"name":"wp","href":"https:\/\/api.w.org\/{rel}","templated":true}]}}