{"id":231059,"date":"2026-09-03T14:08:15","date_gmt":"2026-09-03T20:08:15","guid":{"rendered":"https:\/\/nvnoticias.mx\/?p=231059"},"modified":"2026-09-03T14:08:21","modified_gmt":"2026-09-03T20:08:21","slug":"veracruz-tiene-potencial-para-colocarse-entre-los-cinco-estados-con-mayor-infraestructura","status":"publish","type":"post","link":"https:\/\/nvnoticias.mx\/index.php\/2026\/09\/03\/veracruz-tiene-potencial-para-colocarse-entre-los-cinco-estados-con-mayor-infraestructura\/","title":{"rendered":"Veracruz tiene potencial para colocarse entre los cinco estados con mayor infraestructura"},"content":{"rendered":"\n<p class=\"wp-block-paragraph\"><\/p>\n\n\n\n<p class=\"wp-block-paragraph\"><strong>Jes\u00fas Utrilla \/ NV Noticias <\/strong><\/p>\n\n\n\n<p class=\"wp-block-paragraph\">Veracruz cuenta con condiciones estrat\u00e9gicas para convertirse en uno de los principales polos de inversi\u00f3n y desarrollo del pa\u00eds durante los pr\u00f3ximos a\u00f1os, debido a su conectividad, infraestructura portuaria y ubicaci\u00f3n privilegiada, consider\u00f3 Jorge Silva, secretario general del Colegio de Economistas del Estado de Veracruz.<\/p>\n\n\n\n<p class=\"wp-block-paragraph\">Destac\u00f3 que el estado tiene ventajas que pueden ser aprovechadas para atraer nuevos capitales, particularmente por su salida al oc\u00e9ano, la conexi\u00f3n con distintos corredores log\u00edsticos y las oportunidades que representa el desarrollo del Corredor Interoce\u00e1nico del Istmo de Tehuantepec.<\/p>\n\n\n\n<p class=\"wp-block-paragraph\">Se\u00f1al\u00f3 que actualmente existen incentivos fiscales impulsados por el Gobierno Federal para promover la llegada de empresas y generar condiciones que hagan m\u00e1s atractivo a Veracruz para los inversionistas.<\/p>\n\n\n\n<p class=\"wp-block-paragraph\">Afirm\u00f3 que Veracruz debe plantearse como objetivo ubicarse, en un periodo de cinco, diez o quince a\u00f1os, entre los cinco estados del pa\u00eds con mayor infraestructura.<\/p>\n\n\n\n<p class=\"wp-block-paragraph\">Agreg\u00f3 que uno de los proyectos que puede contribuir a esta transformaci\u00f3n es el fortalecimiento de la infraestructura aduanera y log\u00edstica, al considerar que la entidad tiene las condiciones para concentrar una mayor actividad comercial y empresarial.<\/p>\n\n\n\n<p class=\"wp-block-paragraph\">El secretario general del Colegio de Economistas consider\u00f3 que el potencial de Veracruz puede traducirse en una nueva etapa de crecimiento si existe coordinaci\u00f3n entre autoridades, empresarios y el sector acad\u00e9mico para generar proyectos que permitan aprovechar las ventajas competitivas del estado.<\/p>\n\n\n\n<p class=\"wp-block-paragraph\">El objetivo debe ser convertir las condiciones geogr\u00e1ficas y log\u00edsticas de la entidad en oportunidades concretas para la llegada de inversiones y la creaci\u00f3n de empleos.<\/p>\n","protected":false},"excerpt":{"rendered":"<p>Jes\u00fas Utrilla \/ NV Noticias Veracruz cuenta con condiciones estrat\u00e9gicas para convertirse en uno de los principales polos de inversi\u00f3n y desarrollo del pa\u00eds durante los pr\u00f3ximos a\u00f1os, debido a su conectividad, infraestructura portuaria y ubicaci\u00f3n privilegiada, consider\u00f3 Jorge Silva, secretario general del Colegio de Economistas del Estado de Veracruz. Destac\u00f3 que el estado tiene [&hellip;]<\/p>\n","protected":false},"author":8,"featured_media":231060,"comment_status":"open","ping_status":"open","sticky":false,"template":"","format":"standard","meta":{"_monsterinsights_skip_tracking":false,"footnotes":""},"categories":[154],"tags":[1964,180],"class_list":["post-231059","post","type-post","status-publish","format-standard","has-post-thumbnail","hentry","category-veracruz","tag-infraestructura","tag-veracruz","wp-image-borders"],"amp_enabled":true,"_links":{"self":[{"href":"https:\/\/nvnoticias.mx\/index.php\/wp-json\/wp\/v2\/posts\/231059","targetHints":{"allow":["GET"]}}],"collection":[{"href":"https:\/\/nvnoticias.mx\/index.php\/wp-json\/wp\/v2\/posts"}],"about":[{"href":"https:\/\/nvnoticias.mx\/index.php\/wp-json\/wp\/v2\/types\/post"}],"author":[{"embeddable":true,"href":"https:\/\/nvnoticias.mx\/index.php\/wp-json\/wp\/v2\/users\/8"}],"replies":[{"embeddable":true,"href":"https:\/\/nvnoticias.mx\/index.php\/wp-json\/wp\/v2\/comments?post=231059"}],"version-history":[{"count":1,"href":"https:\/\/nvnoticias.mx\/index.php\/wp-json\/wp\/v2\/posts\/231059\/revisions"}],"predecessor-version":[{"id":231061,"href":"https:\/\/nvnoticias.mx\/index.php\/wp-json\/wp\/v2\/posts\/231059\/revisions\/231061"}],"wp:featuredmedia":[{"embeddable":true,"href":"https:\/\/nvnoticias.mx\/index.php\/wp-json\/wp\/v2\/media\/231060"}],"wp:attachment":[{"href":"https:\/\/nvnoticias.mx\/index.php\/wp-json\/wp\/v2\/media?parent=231059"}],"wp:term":[{"taxonomy":"category","embeddable":true,"href":"https:\/\/nvnoticias.mx\/index.php\/wp-json\/wp\/v2\/categories?post=231059"},{"taxonomy":"post_tag","embeddable":true,"href":"https:\/\/nvnoticias.mx\/index.php\/wp-json\/wp\/v2\/tags?post=231059"}],"curies":[{"name":"wp","href":"https:\/\/api.w.org\/{rel}","templated":true}]}}