{"id":231051,"date":"2026-09-03T13:19:42","date_gmt":"2026-09-03T19:19:42","guid":{"rendered":"https:\/\/nvnoticias.mx\/?p=231051"},"modified":"2026-09-03T13:19:48","modified_gmt":"2026-09-03T19:19:48","slug":"fundacrover-proyecta-a-veracruz-en-la-red-internacional-de-las-rutas-del-emperador-carlos-v","status":"publish","type":"post","link":"https:\/\/nvnoticias.mx\/index.php\/2026\/09\/03\/fundacrover-proyecta-a-veracruz-en-la-red-internacional-de-las-rutas-del-emperador-carlos-v\/","title":{"rendered":"FUNDACROVER proyecta a Veracruz en la red internacional de las rutas del emperador Carlos V"},"content":{"rendered":"\n<p class=\"wp-block-paragraph\"><br>La Fundaci\u00f3n de la Cr\u00f3nica de la Ciudad de Veracruz forma parte, desde 2022, de la red vinculada al Itinerario Cultural Europeo dedicado a Carlos V.<\/p>\n\n\n\n<p class=\"wp-block-paragraph\"><br>La historia de Veracruz mantiene una presencia activa en los espacios internacionales dedicados a la preservaci\u00f3n y difusi\u00f3n del patrimonio cultural.<\/p>\n\n\n\n<p class=\"wp-block-paragraph\"><br>La Fundaci\u00f3n de la Cr\u00f3nica de la Ciudad de Veracruz, A.C. (FUNDACROVER) forma parte de la red de las Rutas Europeas del Emperador Carlos V, dentro del Programa de Itinerarios Culturales del Consejo de Europa.<\/p>\n\n\n\n<p class=\"wp-block-paragraph\"><br>La informaci\u00f3n oficial del organismo europeo identifica a FUNDACROVER como una instituci\u00f3n y organizaci\u00f3n no gubernamental de car\u00e1cter cultural integrante de la red internacional, con sede en la ciudad de Veracruz y con adhesi\u00f3n desde el a\u00f1o 2022.<\/p>\n\n\n\n<p class=\"wp-block-paragraph\"><br>La participaci\u00f3n de la Fundaci\u00f3n representa una oportunidad para proyectar la memoria hist\u00f3rica de Veracruz en un \u00e1mbito de colaboraci\u00f3n internacional que re\u00fane a instituciones, territorios y organizaciones vinculadas con los procesos hist\u00f3ricos que conectaron a Europa y Am\u00e9rica.<\/p>\n\n\n\n<p class=\"wp-block-paragraph\"><br>La presencia de FUNDACROVER en esta red adquiere una especial dimensi\u00f3n hist\u00f3rica.<br>Veracruz ocupa un lugar fundamental en la historia de las relaciones entre Europa y Am\u00e9rica y en los grandes procesos pol\u00edticos, comerciales, culturales y sociales que transformaron ambos continentes a partir del siglo XVI.<\/p>\n\n\n\n<p class=\"wp-block-paragraph\"><br>Desde sus or\u00edgenes, el puerto veracruzano se convirti\u00f3 en una de las principales puertas de comunicaci\u00f3n entre el continente americano y Europa, condici\u00f3n que marcar\u00eda profundamente su desarrollo hist\u00f3rico y su identidad cultural.<br>En este contexto, la participaci\u00f3n de una instituci\u00f3n veracruzana en la red de las Rutas Europeas del Emperador Carlos V permite establecer nuevos espacios de di\u00e1logo en torno a una historia que, aunque transcurri\u00f3 hace siglos, contin\u00faa formando parte de la memoria e identidad de numerosas comunidades a ambos lados del Atl\u00e1ntico.<\/p>\n\n\n\n<p class=\"wp-block-paragraph\"><br>La pertenencia a la red abre posibilidades de intercambio y colaboraci\u00f3n con instituciones dedicadas a la investigaci\u00f3n hist\u00f3rica, la promoci\u00f3n cultural y la puesta en valor del patrimonio.<\/p>\n\n\n\n<p class=\"wp-block-paragraph\"><br>Para FUNDACROVER, esta presencia internacional representa una plataforma para fortalecer la difusi\u00f3n de la historia de Veracruz, impulsar proyectos de investigaci\u00f3n y generar v\u00ednculos con organizaciones y especialistas de otros pa\u00edses.<\/p>\n\n\n\n<p class=\"wp-block-paragraph\"><br>La Fundaci\u00f3n de la Cr\u00f3nica de la Ciudad de Veracruz ha desarrollado durante m\u00e1s de una d\u00e9cada actividades de investigaci\u00f3n, promoci\u00f3n y divulgaci\u00f3n de la historia de la ciudad y de sus zonas de influencia.<\/p>\n\n\n\n<p class=\"wp-block-paragraph\"><br>Su incorporaci\u00f3n y permanencia dentro de esta red internacional confirma la importancia de continuar construyendo puentes entre la memoria local y los grandes procesos de la historia universal.<\/p>\n\n\n\n<p class=\"wp-block-paragraph\">La participaci\u00f3n de FUNDACROVER en esta red constituye tambi\u00e9n un mensaje sobre el valor contempor\u00e1neo del patrimonio hist\u00f3rico.<br>La historia de Veracruz no es \u00fanicamente un asunto local. Su desarrollo ha estado vinculado, desde sus or\u00edgenes, a procesos internacionales que transformaron rutas comerciales, sociedades, culturas y territorios.<\/p>\n\n\n\n<p class=\"wp-block-paragraph\"><br>Hoy, esa vocaci\u00f3n hist\u00f3rica encuentra un nuevo espacio de proyecci\u00f3n a trav\u00e9s de la participaci\u00f3n de la Fundaci\u00f3n de la Cr\u00f3nica de la Ciudad de Veracruz en una red internacional vinculada al Programa de Itinerarios Culturales del Consejo de Europa.<\/p>\n\n\n\n<p class=\"wp-block-paragraph\"><br>Desde Veracruz, la memoria hist\u00f3rica contin\u00faa recorriendo nuevas rutas y estableciendo puentes con el mundo.<\/p>\n","protected":false},"excerpt":{"rendered":"<p>La Fundaci\u00f3n de la Cr\u00f3nica de la Ciudad de Veracruz forma parte, desde 2022, de la red vinculada al Itinerario Cultural Europeo dedicado a Carlos V. La historia de Veracruz mantiene una presencia activa en los espacios internacionales dedicados a la preservaci\u00f3n y difusi\u00f3n del patrimonio cultural. La Fundaci\u00f3n de la Cr\u00f3nica de la Ciudad [&hellip;]<\/p>\n","protected":false},"author":35,"featured_media":231053,"comment_status":"open","ping_status":"open","sticky":false,"template":"","format":"standard","meta":{"_monsterinsights_skip_tracking":false,"footnotes":""},"categories":[156],"tags":[16995,10976],"class_list":["post-231051","post","type-post","status-publish","format-standard","has-post-thumbnail","hentry","category-estado","tag-carlos-v","tag-fundacrover","wp-image-borders"],"amp_enabled":true,"_links":{"self":[{"href":"https:\/\/nvnoticias.mx\/index.php\/wp-json\/wp\/v2\/posts\/231051","targetHints":{"allow":["GET"]}}],"collection":[{"href":"https:\/\/nvnoticias.mx\/index.php\/wp-json\/wp\/v2\/posts"}],"about":[{"href":"https:\/\/nvnoticias.mx\/index.php\/wp-json\/wp\/v2\/types\/post"}],"author":[{"embeddable":true,"href":"https:\/\/nvnoticias.mx\/index.php\/wp-json\/wp\/v2\/users\/35"}],"replies":[{"embeddable":true,"href":"https:\/\/nvnoticias.mx\/index.php\/wp-json\/wp\/v2\/comments?post=231051"}],"version-history":[{"count":1,"href":"https:\/\/nvnoticias.mx\/index.php\/wp-json\/wp\/v2\/posts\/231051\/revisions"}],"predecessor-version":[{"id":231052,"href":"https:\/\/nvnoticias.mx\/index.php\/wp-json\/wp\/v2\/posts\/231051\/revisions\/231052"}],"wp:featuredmedia":[{"embeddable":true,"href":"https:\/\/nvnoticias.mx\/index.php\/wp-json\/wp\/v2\/media\/231053"}],"wp:attachment":[{"href":"https:\/\/nvnoticias.mx\/index.php\/wp-json\/wp\/v2\/media?parent=231051"}],"wp:term":[{"taxonomy":"category","embeddable":true,"href":"https:\/\/nvnoticias.mx\/index.php\/wp-json\/wp\/v2\/categories?post=231051"},{"taxonomy":"post_tag","embeddable":true,"href":"https:\/\/nvnoticias.mx\/index.php\/wp-json\/wp\/v2\/tags?post=231051"}],"curies":[{"name":"wp","href":"https:\/\/api.w.org\/{rel}","templated":true}]}}