{"id":231049,"date":"2026-09-03T13:13:18","date_gmt":"2026-09-03T19:13:18","guid":{"rendered":"https:\/\/nvnoticias.mx\/?p=231049"},"modified":"2026-09-03T13:13:23","modified_gmt":"2026-09-03T19:13:23","slug":"en-mexico-cada-dia-asesinan-a-2-6-minas-ninos-y-adolescentes","status":"publish","type":"post","link":"https:\/\/nvnoticias.mx\/index.php\/2026\/09\/03\/en-mexico-cada-dia-asesinan-a-2-6-minas-ninos-y-adolescentes\/","title":{"rendered":"En M\u00e9xico, cada d\u00eda asesinan a 2.6 mi\u00f1as, ni\u00f1os y adolescentes"},"content":{"rendered":"\n<p class=\"wp-block-paragraph\">Por Dr. <strong>Jerem\u00edas Z\u00fa\u00f1iga Mezano<\/strong><\/p>\n\n\n\n<p class=\"wp-block-paragraph\">Entre 2021 y 2025 fueron aproximadamente 4,807 menores asesinados intencionalmente.<\/p>\n\n\n\n<p class=\"wp-block-paragraph\">Pero detr\u00e1s de cada n\u00famero hab\u00eda un nombre, una familia, una escuela, sue\u00f1os y una vida que apenas comenzaba.<\/p>\n\n\n\n<p class=\"wp-block-paragraph\"><em>El reciente multihomicidio de Atizap\u00e1n vuelve imposible ignorar esta realidad.<\/em><\/p>\n\n\n\n<p class=\"wp-block-paragraph\">Jonathan Mel\u00e9ndez fue asesinado junto con su esposa embarazada, su hija de apenas tres a\u00f1os y una joven que trabajaba con la familia. Un peque\u00f1o de seis a\u00f1os sobrevivi\u00f3.<\/p>\n\n\n\n<p class=\"wp-block-paragraph\">Y entonces surge una pregunta que deber\u00eda estremecernos:<\/p>\n\n\n\n<p class=\"wp-block-paragraph\">\u00bfQu\u00e9 conflicto pod\u00eda tener una ni\u00f1a de tres a\u00f1os para que alguien decidiera quitarle la vida?<\/p>\n\n\n\n<p class=\"wp-block-paragraph\">Veracruz tambi\u00e9n ha registrado casos donde familias completas han sido asesinadas y menores terminaron entre las v\u00edctimas.<\/p>\n\n\n\n<p class=\"wp-block-paragraph\">\u00bfQu\u00e9 est\u00e1 pasando con nuestra sociedad?<\/p>\n\n\n\n<p class=\"wp-block-paragraph\">\u00bfEs un problema de educaci\u00f3n, familia, p\u00e9rdida de valores, normalizaci\u00f3n de la violencia, crimen, armas o impunidad?<\/p>\n\n\n\n<p class=\"wp-block-paragraph\">Probablemente estamos frente a una combinaci\u00f3n de todos estos factores.<\/p>\n\n\n\n<p class=\"wp-block-paragraph\">M\u00e9xico necesita polic\u00edas y fiscal\u00edas eficaces.<\/p>\n\n\n\n<p class=\"wp-block-paragraph\">Pero necesita algo todav\u00eda m\u00e1s profundo:<\/p>\n\n\n\n<p class=\"wp-block-paragraph\">recuperar l\u00edmites, reconstruir valores y volver a entender que ninguna venganza, deuda, diferencia o conflicto puede convertir a un ni\u00f1o en objetivo.<\/p>\n\n\n\n<p class=\"wp-block-paragraph\">Porque cuando una sociedad comienza a acostumbrarse al asesinato de sus ni\u00f1os, el problema deja de ser solamente de seguridad.<\/p>\n\n\n\n<p class=\"wp-block-paragraph\">Se convierte en un problema familiar, educativo, psicol\u00f3gico, institucional y profundamente moral.<\/p>\n\n\n\n<p class=\"wp-block-paragraph\">#ParaSerMejores sabidur\u00eda e inteligencia<\/p>\n\n\n\n<p class=\"wp-block-paragraph\"><\/p>\n\n\n\n<p class=\"wp-block-paragraph\"><\/p>\n","protected":false},"excerpt":{"rendered":"<p>Por Dr. Jerem\u00edas Z\u00fa\u00f1iga Mezano Entre 2021 y 2025 fueron aproximadamente 4,807 menores asesinados intencionalmente. Pero detr\u00e1s de cada n\u00famero hab\u00eda un nombre, una familia, una escuela, sue\u00f1os y una vida que apenas comenzaba. El reciente multihomicidio de Atizap\u00e1n vuelve imposible ignorar esta realidad. Jonathan Mel\u00e9ndez fue asesinado junto con su esposa embarazada, su hija [&hellip;]<\/p>\n","protected":false},"author":48,"featured_media":218961,"comment_status":"open","ping_status":"open","sticky":false,"template":"","format":"standard","meta":{"_monsterinsights_skip_tracking":false,"footnotes":""},"categories":[30211],"tags":[31391],"class_list":["post-231049","post","type-post","status-publish","format-standard","has-post-thumbnail","hentry","category-para-ser-mejores","tag-jeremias-zuniga-mezano","wp-image-borders"],"amp_enabled":true,"_links":{"self":[{"href":"https:\/\/nvnoticias.mx\/index.php\/wp-json\/wp\/v2\/posts\/231049","targetHints":{"allow":["GET"]}}],"collection":[{"href":"https:\/\/nvnoticias.mx\/index.php\/wp-json\/wp\/v2\/posts"}],"about":[{"href":"https:\/\/nvnoticias.mx\/index.php\/wp-json\/wp\/v2\/types\/post"}],"author":[{"embeddable":true,"href":"https:\/\/nvnoticias.mx\/index.php\/wp-json\/wp\/v2\/users\/48"}],"replies":[{"embeddable":true,"href":"https:\/\/nvnoticias.mx\/index.php\/wp-json\/wp\/v2\/comments?post=231049"}],"version-history":[{"count":1,"href":"https:\/\/nvnoticias.mx\/index.php\/wp-json\/wp\/v2\/posts\/231049\/revisions"}],"predecessor-version":[{"id":231050,"href":"https:\/\/nvnoticias.mx\/index.php\/wp-json\/wp\/v2\/posts\/231049\/revisions\/231050"}],"wp:featuredmedia":[{"embeddable":true,"href":"https:\/\/nvnoticias.mx\/index.php\/wp-json\/wp\/v2\/media\/218961"}],"wp:attachment":[{"href":"https:\/\/nvnoticias.mx\/index.php\/wp-json\/wp\/v2\/media?parent=231049"}],"wp:term":[{"taxonomy":"category","embeddable":true,"href":"https:\/\/nvnoticias.mx\/index.php\/wp-json\/wp\/v2\/categories?post=231049"},{"taxonomy":"post_tag","embeddable":true,"href":"https:\/\/nvnoticias.mx\/index.php\/wp-json\/wp\/v2\/tags?post=231049"}],"curies":[{"name":"wp","href":"https:\/\/api.w.org\/{rel}","templated":true}]}}