{"id":231044,"date":"2026-09-04T10:25:58","date_gmt":"2026-09-04T16:25:58","guid":{"rendered":"https:\/\/nvnoticias.mx\/?p=231044"},"modified":"2026-09-04T10:26:04","modified_gmt":"2026-09-04T16:26:04","slug":"ataque-con-explosivos-en-ojocaliente-zacatecas-apunta-a-disputa-entre-cartel-de-sinaloa-y-cjng-harfuch","status":"publish","type":"post","link":"https:\/\/nvnoticias.mx\/index.php\/2026\/09\/04\/ataque-con-explosivos-en-ojocaliente-zacatecas-apunta-a-disputa-entre-cartel-de-sinaloa-y-cjng-harfuch\/","title":{"rendered":"Ataque con explosivos en Ojocaliente, Zacatecas, apunta a disputa entre c\u00e1rtel de Sinaloa y &#8216;CJNG&#8217;: Harfuch"},"content":{"rendered":"\n<p class=\"wp-block-paragraph\">El titular de la Secretar\u00eda de Seguridad y Protecci\u00f3n Ciudadana (SSPC ), Omar Garc\u00eda Harfuch, afirm\u00f3 que las primeras investigaciones arrojan que el \u201ccobarde ataque\u201d con un coche bomba contra la comandancia de polic\u00eda del municipio de Ojocaliente est\u00e1 relacionado con la confrontaci\u00f3n entre los c\u00e1rteles del Pac\u00edfico y Jalisco Nueva Generaci\u00f3n por el control del territorio en esta entidad.<\/p>\n\n\n\n<p class=\"wp-block-paragraph\">En el marco de la ma\u00f1anera de la presidenta Claudia Sheinbaum Pardo que se realiza en este municipio, el funcionario federal detall\u00f3 que hasta ahora han sido detenidos tres presuntos implicados en estos hechos, que se dieron la tarde-noche del domingo 30 de agosto y dejaron once personas lesionadas.<\/p>\n\n\n\n<p class=\"wp-block-paragraph\">\u201cEn distintas regiones del estado persiste una confrontaci\u00f3n de c\u00e9lulas delictivas, esa disputa sigue generando estos episodios de violencia y agresiones contra autoridades. Una l\u00ednea de investigaci\u00f3n (sobre este ataque) es esta disputa entre CJNG y el del Pac\u00edfico\u201d, se\u00f1al\u00f3.<\/p>\n\n\n\n<p class=\"wp-block-paragraph\">Inform\u00f3 que, de acuerdo a las investigaciones que realiza la Fiscal\u00eda General de Justicia del Estado, se utilizaron alrededor de 200 kilogramos de material explosivo para este ataque.<\/p>\n\n\n\n<p class=\"wp-block-paragraph\">Refiri\u00f3 que tras la agresi\u00f3n con el carro \u2014que ten\u00eda reporte de robo\u2014, la mesa de seguridad acord\u00f3 reforzar el per\u00edmetro en la zona con la participaci\u00f3n de todas las instituciones del gabinete de seguridad federal.<\/p>\n\n\n\n<p class=\"wp-block-paragraph\">\u201cDesde el primer momento, las instituciones que integran gabinete de seguridad acompa\u00f1an a autoridades estatales en investigaciones para esclarecer los hechos y detener a involucrados\u201d.<\/p>\n\n\n\n<p class=\"wp-block-paragraph\">Debido al despliegue y a las indagatorias, dijo el secretario, se ha logrado la aprehensi\u00f3n de Juan Pedro \u201cN\u201d, a quien se le se\u00f1ala como el principal responsable de la colocaci\u00f3n de los artefactos explosivos.<\/p>\n\n\n\n<p class=\"wp-block-paragraph\">As\u00ed como a Hip\u00f3lito \u201cN\u201d y Miguel \u201cN\u201d, quienes, de acuerdo a las indagatorias, habr\u00edan &nbsp;realizado labores de vigilancia para realizar el ataque. Ambos son parte de una c\u00e9lula delictiva.<\/p>\n\n\n\n<p class=\"wp-block-paragraph\">\u201cHemos profundizado las investigaciones para dar con los responsables, incluyendo a los que no est\u00e1n en Zacatecas\u201d, subray\u00f3 Garc\u00eda Harfuch.<\/p>\n\n\n\n<p class=\"wp-block-paragraph\">Afirm\u00f3 que \u00e9sta \u201cno es una investigaci\u00f3n acabada\u201d, por lo que seguir\u00e1n las diligencias y los operativos en la zona.&nbsp;<\/p>\n\n\n\n<p class=\"wp-block-paragraph\">M\u00e1s adelante, la presidenta Sheinbaum sostuvo que en episodios violentos como el de Ojocaliente \u201cno hay impunidad\u201d.<\/p>\n\n\n\n<p class=\"wp-block-paragraph\">Sostuvo que lo primero que se hace es buscar la detenci\u00f3n de los responsables. \u201cHay detenidos. Eso habla de cero impunidad. Y al mismo tiempo (se realiza) la investigaci\u00f3n, c\u00f3mo fue que ocurri\u00f3 este estallido. Todo para buscar que esto no ocurra nuevamente\u201d.<\/p>\n\n\n\n<p class=\"wp-block-paragraph\">Lo segundo, agreg\u00f3, es que se brinda atenci\u00f3n a la gente del estado, lo que realiza el gobierno local a cargo de David Monreal.<\/p>\n\n\n\n<p class=\"wp-block-paragraph\">Fuente: La <a href=\"https:\/\/www.jornada.com.mx\/noticia\/2026\/09\/04\/politica\/ataque-con-explosivos-en-ojocaliente-zacatecas-apunta-a-disputa-entre-cartel-de-sinaloa-y-cjng-harfuch\">Jornada<\/a><\/p>\n","protected":false},"excerpt":{"rendered":"<p>El titular de la Secretar\u00eda de Seguridad y Protecci\u00f3n Ciudadana (SSPC ), Omar Garc\u00eda Harfuch, afirm\u00f3 que las primeras investigaciones arrojan que el \u201ccobarde ataque\u201d con un coche bomba contra la comandancia de polic\u00eda del municipio de Ojocaliente est\u00e1 relacionado con la confrontaci\u00f3n entre los c\u00e1rteles del Pac\u00edfico y Jalisco Nueva Generaci\u00f3n por el control [&hellip;]<\/p>\n","protected":false},"author":35,"featured_media":231076,"comment_status":"open","ping_status":"open","sticky":false,"template":"","format":"standard","meta":{"_monsterinsights_skip_tracking":false,"footnotes":""},"categories":[158],"tags":[33895,16481],"class_list":["post-231044","post","type-post","status-publish","format-standard","has-post-thumbnail","hentry","category-politica","tag-ojocaliente","tag-omar-garcia-harfuch","wp-image-borders"],"amp_enabled":true,"_links":{"self":[{"href":"https:\/\/nvnoticias.mx\/index.php\/wp-json\/wp\/v2\/posts\/231044","targetHints":{"allow":["GET"]}}],"collection":[{"href":"https:\/\/nvnoticias.mx\/index.php\/wp-json\/wp\/v2\/posts"}],"about":[{"href":"https:\/\/nvnoticias.mx\/index.php\/wp-json\/wp\/v2\/types\/post"}],"author":[{"embeddable":true,"href":"https:\/\/nvnoticias.mx\/index.php\/wp-json\/wp\/v2\/users\/35"}],"replies":[{"embeddable":true,"href":"https:\/\/nvnoticias.mx\/index.php\/wp-json\/wp\/v2\/comments?post=231044"}],"version-history":[{"count":2,"href":"https:\/\/nvnoticias.mx\/index.php\/wp-json\/wp\/v2\/posts\/231044\/revisions"}],"predecessor-version":[{"id":231077,"href":"https:\/\/nvnoticias.mx\/index.php\/wp-json\/wp\/v2\/posts\/231044\/revisions\/231077"}],"wp:featuredmedia":[{"embeddable":true,"href":"https:\/\/nvnoticias.mx\/index.php\/wp-json\/wp\/v2\/media\/231076"}],"wp:attachment":[{"href":"https:\/\/nvnoticias.mx\/index.php\/wp-json\/wp\/v2\/media?parent=231044"}],"wp:term":[{"taxonomy":"category","embeddable":true,"href":"https:\/\/nvnoticias.mx\/index.php\/wp-json\/wp\/v2\/categories?post=231044"},{"taxonomy":"post_tag","embeddable":true,"href":"https:\/\/nvnoticias.mx\/index.php\/wp-json\/wp\/v2\/tags?post=231044"}],"curies":[{"name":"wp","href":"https:\/\/api.w.org\/{rel}","templated":true}]}}