{"id":231039,"date":"2026-09-03T10:21:32","date_gmt":"2026-09-03T16:21:32","guid":{"rendered":"https:\/\/nvnoticias.mx\/?p=231039"},"modified":"2026-09-03T10:21:39","modified_gmt":"2026-09-03T16:21:39","slug":"sheinbaum-propuso-a-petro-ofrecer-ponencias-en-mexico","status":"publish","type":"post","link":"https:\/\/nvnoticias.mx\/index.php\/2026\/09\/03\/sheinbaum-propuso-a-petro-ofrecer-ponencias-en-mexico\/","title":{"rendered":"Sheinbaum propuso a Petro ofrecer ponencias en M\u00e9xico"},"content":{"rendered":"\n<p class=\"wp-block-paragraph\">La presidenta de M\u00e9xico, Claudia Sheinbaum, confirm\u00f3 que ayer le propuso al\u00a0ex mandatario de Colombia, Gustavo Petro, la posibilidad de que pudiera venir al pa\u00eds a ofrecer diferentes ponencias a trav\u00e9s del Instituto de la Historia y Revoluciones Mexicanas.<\/p>\n\n\n\n<p class=\"wp-block-paragraph\">Durante la conferencia matutina, la titular del Poder Ejecutivo coment\u00f3 que tambi\u00e9n platicaron sobre el impacto de la Inteligencia Artificial a nivel internacional y uso de plataformas digitales para influir de manera externa en resultados electorales y c\u00f3mo la derecha internacional ha influido en el mundo para buscar posicionarse en procesos electorales.<\/p>\n\n\n\n<p class=\"wp-block-paragraph\">Sin embargo, asegur\u00f3 que en M\u00e9xico ese riesgo est\u00e1 lejos porque aqu\u00ed los mexicanos est\u00e1n contentos con el trabajo del gobierno federal y de la pol\u00edtica de \u201ctransformaci\u00f3n\u201d.<\/p>\n\n\n\n<p class=\"wp-block-paragraph\">Fuente: La <a href=\"https:\/\/www.jornada.com.mx\/noticia\/2026\/09\/03\/politica\/sheinbaum-confirma-que-propuso-a-petro-ofrecer-ponencias-en-mexico\">Jornada<\/a><\/p>\n","protected":false},"excerpt":{"rendered":"<p>La presidenta de M\u00e9xico, Claudia Sheinbaum, confirm\u00f3 que ayer le propuso al\u00a0ex mandatario de Colombia, Gustavo Petro, la posibilidad de que pudiera venir al pa\u00eds a ofrecer diferentes ponencias a trav\u00e9s del Instituto de la Historia y Revoluciones Mexicanas. Durante la conferencia matutina, la titular del Poder Ejecutivo coment\u00f3 que tambi\u00e9n platicaron sobre el impacto [&hellip;]<\/p>\n","protected":false},"author":35,"featured_media":231041,"comment_status":"open","ping_status":"open","sticky":false,"template":"","format":"standard","meta":{"_monsterinsights_skip_tracking":false,"footnotes":""},"categories":[181],"tags":[2801,16208,292,162],"class_list":["post-231039","post","type-post","status-publish","format-standard","has-post-thumbnail","hentry","category-internacional","tag-claudia-sheinbaum","tag-gustavo-petro","tag-mexico","tag-portada","wp-image-borders"],"amp_enabled":true,"_links":{"self":[{"href":"https:\/\/nvnoticias.mx\/index.php\/wp-json\/wp\/v2\/posts\/231039","targetHints":{"allow":["GET"]}}],"collection":[{"href":"https:\/\/nvnoticias.mx\/index.php\/wp-json\/wp\/v2\/posts"}],"about":[{"href":"https:\/\/nvnoticias.mx\/index.php\/wp-json\/wp\/v2\/types\/post"}],"author":[{"embeddable":true,"href":"https:\/\/nvnoticias.mx\/index.php\/wp-json\/wp\/v2\/users\/35"}],"replies":[{"embeddable":true,"href":"https:\/\/nvnoticias.mx\/index.php\/wp-json\/wp\/v2\/comments?post=231039"}],"version-history":[{"count":3,"href":"https:\/\/nvnoticias.mx\/index.php\/wp-json\/wp\/v2\/posts\/231039\/revisions"}],"predecessor-version":[{"id":231043,"href":"https:\/\/nvnoticias.mx\/index.php\/wp-json\/wp\/v2\/posts\/231039\/revisions\/231043"}],"wp:featuredmedia":[{"embeddable":true,"href":"https:\/\/nvnoticias.mx\/index.php\/wp-json\/wp\/v2\/media\/231041"}],"wp:attachment":[{"href":"https:\/\/nvnoticias.mx\/index.php\/wp-json\/wp\/v2\/media?parent=231039"}],"wp:term":[{"taxonomy":"category","embeddable":true,"href":"https:\/\/nvnoticias.mx\/index.php\/wp-json\/wp\/v2\/categories?post=231039"},{"taxonomy":"post_tag","embeddable":true,"href":"https:\/\/nvnoticias.mx\/index.php\/wp-json\/wp\/v2\/tags?post=231039"}],"curies":[{"name":"wp","href":"https:\/\/api.w.org\/{rel}","templated":true}]}}