{"id":231033,"date":"2026-09-03T10:17:55","date_gmt":"2026-09-03T16:17:55","guid":{"rendered":"https:\/\/nvnoticias.mx\/?p=231033"},"modified":"2026-09-03T10:18:01","modified_gmt":"2026-09-03T16:18:01","slug":"gobernabilidad-se-ha-preservado-en-gobierno-de-sheinbaum-con-la-construccion-de-paz-rosa-icela-rodriguez","status":"publish","type":"post","link":"https:\/\/nvnoticias.mx\/index.php\/2026\/09\/03\/gobernabilidad-se-ha-preservado-en-gobierno-de-sheinbaum-con-la-construccion-de-paz-rosa-icela-rodriguez\/","title":{"rendered":"Gobernabilidad se ha preservado en gobierno de Sheinbaum con la construcci\u00f3n de paz: Rosa Icela Rodr\u00edguez"},"content":{"rendered":"\n<p class=\"wp-block-paragraph\">Con la coordinaci\u00f3n de los tres niveles de gobierno y el despliegue de fuerzas federales en zonas de conflicto, la Secretar\u00eda de Gobernaci\u00f3n (SG) report\u00f3 este jueves que la gobernabilidad del pa\u00eds se ha preservado durante los primeros dos a\u00f1os de la administraci\u00f3n de la presidenta Claudia Sheinbaum Pardo mediante el di\u00e1logo, la atenci\u00f3n a las causas de la violencia y la construcci\u00f3n de paz en el territorio.<\/p>\n\n\n\n<p class=\"wp-block-paragraph\">En la conferencia matutina en Palacio Nacional, la secretaria de Gobernaci\u00f3n, Rosa Icela Rodr\u00edguez, present\u00f3 el balance de la dependencia como parte de la glosa del segundo Informe de gobierno. &#8220;Durante esta administraci\u00f3n se ha preservado la gobernabilidad de la Rep\u00fablica&#8221;, afirm\u00f3, y destac\u00f3 que mediante el di\u00e1logo y la concertaci\u00f3n se atiende la protesta social &#8220;con sensibilidad, en coordinaci\u00f3n con los tres \u00f3rdenes de gobierno, para alcanzar la resoluci\u00f3n pac\u00edfica de conflictos&#8221;.<\/p>\n\n\n\n<p class=\"wp-block-paragraph\">La funcionaria subray\u00f3 que en el pa\u00eds est\u00e1 garantizado el ejercicio pleno de las libertades de reuni\u00f3n, expresi\u00f3n, manifestaci\u00f3n, culto y prensa. &#8220;Hay cero censura y cero represi\u00f3n&#8221;, dijo.<\/p>\n\n\n\n<p class=\"wp-block-paragraph\">Rodr\u00edguez detall\u00f3 que a trav\u00e9s de 298 Mesas de Paz \u2014eje del primer pilar de la Estrategia Nacional de Seguridad P\u00fablica\u2014 se articula el esfuerzo de autoridades de los tres niveles de gobierno para analizar las condiciones de gobernabilidad y seguridad. Mencion\u00f3 tambi\u00e9n el Plan Maestro de la Monta\u00f1a Alta y Baja de Guerrero, ejecutado desde el 12 de mayo por instrucci\u00f3n de Sheinbaum Pardo, con el que, dijo, la mayor\u00eda de las familias desplazadas de 19 comunidades de Atlixtac, Chilapa de \u00c1lvarez, Ahuacuotzingo y Zapotitl\u00e1n Tablas pudieron retornar a sus comunidades.<\/p>\n\n\n\n<p class=\"wp-block-paragraph\">Al tomar la palabra, la presidenta Sheinbaum sostuvo que el trabajo de la SG &#8220;a veces no se nota&#8221;, y que esa ausencia de grandes titulares &#8220;habla de lo bien que se trabaja, porque se cuida la gobernabilidad del pa\u00eds&#8221;. Como ejemplo, relat\u00f3 que ante el desplazamiento de familias en la monta\u00f1a de Guerrero instruy\u00f3 a Rodr\u00edguez llevar a distintas secretar\u00edas a los municipios con mayor problem\u00e1tica, con presencia de la Guardia Nacional, para resolver primero el cierre de caminos y despu\u00e9s atender las causas de los problemas y conflictos que enfrentan.<\/p>\n\n\n\n<p class=\"wp-block-paragraph\">La mandataria explic\u00f3 que ese mismo esquema de coordinaci\u00f3n opera en conflictos sociales derivados de obras de infraestructura como los trenes al norte, a Pachuca o a Quer\u00e9taro, donde, sostuvo, la Secretar\u00eda de Gobernaci\u00f3n es la que &#8220;ayuda a resolver esa problem\u00e1tica, coordinar, sentar, hacer mesas de trabajo&#8221;. Cit\u00f3 tambi\u00e9n el programa S\u00ed al desarme, S\u00ed a la paz, con el que se han entregado de manera voluntaria casi 14 mil armas de fuego, equivalentes a 40 por ciento de las 35 mil armas incautadas en operativos de seguridad. &#8220;Es un trabajo muy importante e indispensable para el pa\u00eds&#8221;, afirm\u00f3 y agradeci\u00f3 a la secretaria Rosa Icela Rodr\u00edguez y a su equipo por su labor.<\/p>\n\n\n\n<p class=\"wp-block-paragraph\">Fuente: La <a href=\"https:\/\/www.jornada.com.mx\/noticia\/2026\/09\/03\/politica\/gobernabilidad-se-ha-preservado-a-dos-anos-del-gobierno-de-sheinbaum-rosa-icela-rodriguez\">Jornada<\/a><\/p>\n","protected":false},"excerpt":{"rendered":"<p>Con la coordinaci\u00f3n de los tres niveles de gobierno y el despliegue de fuerzas federales en zonas de conflicto, la Secretar\u00eda de Gobernaci\u00f3n (SG) report\u00f3 este jueves que la gobernabilidad del pa\u00eds se ha preservado durante los primeros dos a\u00f1os de la administraci\u00f3n de la presidenta Claudia Sheinbaum Pardo mediante el di\u00e1logo, la atenci\u00f3n a [&hellip;]<\/p>\n","protected":false},"author":35,"featured_media":231035,"comment_status":"open","ping_status":"open","sticky":false,"template":"","format":"standard","meta":{"_monsterinsights_skip_tracking":false,"footnotes":""},"categories":[158],"tags":[2801,162,12610],"class_list":["post-231033","post","type-post","status-publish","format-standard","has-post-thumbnail","hentry","category-politica","tag-claudia-sheinbaum","tag-portada","tag-rosa-icela-rodriguez","wp-image-borders"],"amp_enabled":true,"_links":{"self":[{"href":"https:\/\/nvnoticias.mx\/index.php\/wp-json\/wp\/v2\/posts\/231033","targetHints":{"allow":["GET"]}}],"collection":[{"href":"https:\/\/nvnoticias.mx\/index.php\/wp-json\/wp\/v2\/posts"}],"about":[{"href":"https:\/\/nvnoticias.mx\/index.php\/wp-json\/wp\/v2\/types\/post"}],"author":[{"embeddable":true,"href":"https:\/\/nvnoticias.mx\/index.php\/wp-json\/wp\/v2\/users\/35"}],"replies":[{"embeddable":true,"href":"https:\/\/nvnoticias.mx\/index.php\/wp-json\/wp\/v2\/comments?post=231033"}],"version-history":[{"count":4,"href":"https:\/\/nvnoticias.mx\/index.php\/wp-json\/wp\/v2\/posts\/231033\/revisions"}],"predecessor-version":[{"id":231038,"href":"https:\/\/nvnoticias.mx\/index.php\/wp-json\/wp\/v2\/posts\/231033\/revisions\/231038"}],"wp:featuredmedia":[{"embeddable":true,"href":"https:\/\/nvnoticias.mx\/index.php\/wp-json\/wp\/v2\/media\/231035"}],"wp:attachment":[{"href":"https:\/\/nvnoticias.mx\/index.php\/wp-json\/wp\/v2\/media?parent=231033"}],"wp:term":[{"taxonomy":"category","embeddable":true,"href":"https:\/\/nvnoticias.mx\/index.php\/wp-json\/wp\/v2\/categories?post=231033"},{"taxonomy":"post_tag","embeddable":true,"href":"https:\/\/nvnoticias.mx\/index.php\/wp-json\/wp\/v2\/tags?post=231033"}],"curies":[{"name":"wp","href":"https:\/\/api.w.org\/{rel}","templated":true}]}}