{"id":231026,"date":"2026-09-03T10:12:47","date_gmt":"2026-09-03T16:12:47","guid":{"rendered":"https:\/\/nvnoticias.mx\/?p=231026"},"modified":"2026-09-03T10:13:01","modified_gmt":"2026-09-03T16:13:01","slug":"ebrard-viaja-seguido-a-eu-en-busca-de-acuerdo-para-reducir-aranceles-al-aluminio-acero-y-autos-sheinbaum","status":"publish","type":"post","link":"https:\/\/nvnoticias.mx\/index.php\/2026\/09\/03\/ebrard-viaja-seguido-a-eu-en-busca-de-acuerdo-para-reducir-aranceles-al-aluminio-acero-y-autos-sheinbaum\/","title":{"rendered":"Ebrard viaja seguido a EU en busca de acuerdo para reducir aranceles al aluminio, acero y autos: Sheinbaum"},"content":{"rendered":"\n<p class=\"wp-block-paragraph\">El secretario de Econom\u00eda,\u00a0Marcelo Ebrard, ha viajado dos veces a Estados Unidos en los \u00faltimos d\u00edas\u00a0porque el gobierno de M\u00e9xico est\u00e1 buscando alcanzar un acuerdo para conseguir una reducci\u00f3n de aranceles en las exportaciones de acero, aluminio y autos, confirm\u00f3 la presidenta Claudia Sheinbaum.<\/p>\n\n\n\n<p class=\"wp-block-paragraph\">Aunado a esa negociaci\u00f3n, coment\u00f3 que el secretario Ebrard tambi\u00e9n est\u00e1 buscando encuentros para abordar el tema sobre la capacidad de producci\u00f3n.<\/p>\n\n\n\n<p class=\"wp-block-paragraph\">Asegur\u00f3 que M\u00e9xico es el pa\u00eds mejor posicionado, porque la mayor\u00eda de las exportaciones no tienen aranceles, pero admiti\u00f3 que la realidad internacional ha cambiado al igual que la relaci\u00f3n con Estados Unidos.<\/p>\n\n\n\n<p class=\"wp-block-paragraph\">\u201cSomos de los mejores pa\u00edses posicionados porque la mayor\u00eda de las exportaciones no tienen aranceles, pero queremos un mejor acuerdo que se nos impuso, fue una decisi\u00f3n unilateral de Estados Unidos a M\u00e9xico, pero afortunadamente tenemos buena relaci\u00f3n y estamos en pl\u00e1ticas\u201d, se\u00f1al\u00f3.<\/p>\n\n\n\n<p class=\"wp-block-paragraph\">La mandataria federal apunt\u00f3 que a EU le interesan tres temas: migraci\u00f3n, seguridad y comercio, lo cual tambi\u00e9n interesa al gobierno mexicano, por lo que se busca colaboraci\u00f3n y reciprocidad.<\/p>\n\n\n\n<p class=\"wp-block-paragraph\">En migraci\u00f3n, dijo, M\u00e9xico ha insistido en que debe haber cooperaci\u00f3n para el desarrollo, porque \u201cno puede ser que siendo vecinos busquen que no le vaya bien a M\u00e9xico, porque si le va mal hay mas migraci\u00f3n\u201d.<\/p>\n\n\n\n<p class=\"wp-block-paragraph\">En el caso de la seguridad, indic\u00f3, el gobierno de Donald Trump busca que no haya entrada de distintas drogas, pero M\u00e9xico ha solicitado que act\u00faen para evitar que lleguen sus armas a nuestro pa\u00eds y que atienda el consumo en su naci\u00f3n.<\/p>\n\n\n\n<p class=\"wp-block-paragraph\">En comercio, a\u00f1adi\u00f3, se busca un trato rec\u00edproco y, fuera de algunas declaraciones de agencias y personas por tema de sus elecciones en noviembre o visi\u00f3n de que pueden decidir sobre M\u00e9xico, fuera de ello, la relaci\u00f3n es de respeto mutuo.<\/p>\n\n\n\n<p class=\"wp-block-paragraph\">Fuente: La <a href=\"https:\/\/www.jornada.com.mx\/noticia\/2026\/09\/03\/economia\/ebrard-viajado-seguido-a-eu-para-lograr-reducir-aranceles-al-aluminio-acero-y-autos-sheinbaum\">Jornada<\/a><\/p>\n","protected":false},"excerpt":{"rendered":"<p>El secretario de Econom\u00eda,\u00a0Marcelo Ebrard, ha viajado dos veces a Estados Unidos en los \u00faltimos d\u00edas\u00a0porque el gobierno de M\u00e9xico est\u00e1 buscando alcanzar un acuerdo para conseguir una reducci\u00f3n de aranceles en las exportaciones de acero, aluminio y autos, confirm\u00f3 la presidenta Claudia Sheinbaum. Aunado a esa negociaci\u00f3n, coment\u00f3 que el secretario Ebrard tambi\u00e9n est\u00e1 [&hellip;]<\/p>\n","protected":false},"author":35,"featured_media":231028,"comment_status":"open","ping_status":"open","sticky":false,"template":"","format":"standard","meta":{"_monsterinsights_skip_tracking":false,"footnotes":""},"categories":[157],"tags":[2801,183,391,162],"class_list":["post-231026","post","type-post","status-publish","format-standard","has-post-thumbnail","hentry","category-nacional","tag-claudia-sheinbaum","tag-estados-unidos","tag-marcelo-ebrard","tag-portada","wp-image-borders"],"amp_enabled":true,"_links":{"self":[{"href":"https:\/\/nvnoticias.mx\/index.php\/wp-json\/wp\/v2\/posts\/231026","targetHints":{"allow":["GET"]}}],"collection":[{"href":"https:\/\/nvnoticias.mx\/index.php\/wp-json\/wp\/v2\/posts"}],"about":[{"href":"https:\/\/nvnoticias.mx\/index.php\/wp-json\/wp\/v2\/types\/post"}],"author":[{"embeddable":true,"href":"https:\/\/nvnoticias.mx\/index.php\/wp-json\/wp\/v2\/users\/35"}],"replies":[{"embeddable":true,"href":"https:\/\/nvnoticias.mx\/index.php\/wp-json\/wp\/v2\/comments?post=231026"}],"version-history":[{"count":5,"href":"https:\/\/nvnoticias.mx\/index.php\/wp-json\/wp\/v2\/posts\/231026\/revisions"}],"predecessor-version":[{"id":231032,"href":"https:\/\/nvnoticias.mx\/index.php\/wp-json\/wp\/v2\/posts\/231026\/revisions\/231032"}],"wp:featuredmedia":[{"embeddable":true,"href":"https:\/\/nvnoticias.mx\/index.php\/wp-json\/wp\/v2\/media\/231028"}],"wp:attachment":[{"href":"https:\/\/nvnoticias.mx\/index.php\/wp-json\/wp\/v2\/media?parent=231026"}],"wp:term":[{"taxonomy":"category","embeddable":true,"href":"https:\/\/nvnoticias.mx\/index.php\/wp-json\/wp\/v2\/categories?post=231026"},{"taxonomy":"post_tag","embeddable":true,"href":"https:\/\/nvnoticias.mx\/index.php\/wp-json\/wp\/v2\/tags?post=231026"}],"curies":[{"name":"wp","href":"https:\/\/api.w.org\/{rel}","templated":true}]}}