{"id":231004,"date":"2026-09-03T09:56:10","date_gmt":"2026-09-03T15:56:10","guid":{"rendered":"https:\/\/nvnoticias.mx\/?p=231004"},"modified":"2026-09-03T09:56:16","modified_gmt":"2026-09-03T15:56:16","slug":"arranco-el-mes-patrio-y-los-adornos-y-artesanias-ya-inundan-calles","status":"publish","type":"post","link":"https:\/\/nvnoticias.mx\/index.php\/2026\/09\/03\/arranco-el-mes-patrio-y-los-adornos-y-artesanias-ya-inundan-calles\/","title":{"rendered":"Arranc\u00f3 el mes patrio y los adornos y artesan\u00edas ya inundan calles"},"content":{"rendered":"\n<p class=\"wp-block-paragraph\">Trabajadores de la Secretar\u00eda de Obras y Servicios del gobierno capitalino alistan los \u00faltimos detalles de los adornos y mosaicos luminosos con motivo de las celebraciones del 15 y el 16 de septiembre por el Grito de Independencia y el desfile c\u00edvico-militar, respectivamente, en los edificios que rodean al Z\u00f3calo; adem\u00e1s, artesanos provenientes de Santa Ana Jilotzingo, estado de M\u00e9xico, colocaron en las calles del Centro Hist\u00f3rico decenas de carritos con varas de tule con banderas de M\u00e9xico de varios tama\u00f1os, matracas y sombreros de palma, entre otros productos.<\/p>\n\n\n\n<p class=\"wp-block-paragraph\">En la avenida 20 de Noviembre, alrededor de 45 trabajadores montaban ayer un \u00e1guila monumental con peso de dos y media toneladas, a una altura de 27 metros, apoyados con una gr\u00faa.<\/p>\n\n\n\n<p class=\"wp-block-paragraph\">El \u00e1guila, de 16 metros de alto por 18 de ancho, elaborada con escarcha amarilla, luce adornos que simulan un nopal, agua y piedras, figura que desde la tarde cautiv\u00f3 a peatones y visitantes, quienes se deten\u00edan a tomar fotograf\u00edas y selfis.<\/p>\n\n\n\n<p class=\"wp-block-paragraph\">En esta ocasi\u00f3n, el Antiguo Palacio del Ayuntamiento, el edificio de gobierno, as\u00ed como el edificio de los arcos, muestran los rostros de las mujeres destacadas en el movimiento de Independencia.<\/p>\n\n\n\n<p class=\"wp-block-paragraph\">El dibujante y trabajador de la dependencia Gustavo Hern\u00e1ndez Ortiz se congratul\u00f3 de que las figuras de las hero\u00ednas luzcan acompa\u00f1adas con sus nombres de solteras, es decir, en el edificio de gobierno se coloc\u00f3 el rostro y se lee Josefa Ortiz T\u00e9llez Gir\u00f3n.<\/p>\n\n\n\n<p class=\"wp-block-paragraph\">En el Antiguo Palacio del Ayuntamiento, Leona Vicario Fern\u00e1ndez; en el inmueble de los arcos, Gertrudis Bocanegra, y en el inmueble que se ubica entre el corredor peatonal Madero y la avenida 5 de Mayo, fue instalada Mar\u00eda Ignacia Rodr\u00edguez,&nbsp;<em>La G\u00fcera<\/em>&nbsp;Rodr\u00edguez.<\/p>\n\n\n\n<p class=\"wp-block-paragraph\">Fuente: La <a href=\"https:\/\/www.jornada.com.mx\/noticia\/2026\/09\/03\/capital\/arranco-el-mes-patrio-y-los-adornos-y-artesanias-ya-inundan-calles\">Jornada<\/a><\/p>\n","protected":false},"excerpt":{"rendered":"<p>Trabajadores de la Secretar\u00eda de Obras y Servicios del gobierno capitalino alistan los \u00faltimos detalles de los adornos y mosaicos luminosos con motivo de las celebraciones del 15 y el 16 de septiembre por el Grito de Independencia y el desfile c\u00edvico-militar, respectivamente, en los edificios que rodean al Z\u00f3calo; adem\u00e1s, artesanos provenientes de Santa [&hellip;]<\/p>\n","protected":false},"author":35,"featured_media":231006,"comment_status":"open","ping_status":"open","sticky":false,"template":"","format":"standard","meta":{"_monsterinsights_skip_tracking":false,"footnotes":""},"categories":[157],"tags":[33894],"class_list":["post-231004","post","type-post","status-publish","format-standard","has-post-thumbnail","hentry","category-nacional","tag-mes-patrio","wp-image-borders"],"amp_enabled":true,"_links":{"self":[{"href":"https:\/\/nvnoticias.mx\/index.php\/wp-json\/wp\/v2\/posts\/231004","targetHints":{"allow":["GET"]}}],"collection":[{"href":"https:\/\/nvnoticias.mx\/index.php\/wp-json\/wp\/v2\/posts"}],"about":[{"href":"https:\/\/nvnoticias.mx\/index.php\/wp-json\/wp\/v2\/types\/post"}],"author":[{"embeddable":true,"href":"https:\/\/nvnoticias.mx\/index.php\/wp-json\/wp\/v2\/users\/35"}],"replies":[{"embeddable":true,"href":"https:\/\/nvnoticias.mx\/index.php\/wp-json\/wp\/v2\/comments?post=231004"}],"version-history":[{"count":3,"href":"https:\/\/nvnoticias.mx\/index.php\/wp-json\/wp\/v2\/posts\/231004\/revisions"}],"predecessor-version":[{"id":231008,"href":"https:\/\/nvnoticias.mx\/index.php\/wp-json\/wp\/v2\/posts\/231004\/revisions\/231008"}],"wp:featuredmedia":[{"embeddable":true,"href":"https:\/\/nvnoticias.mx\/index.php\/wp-json\/wp\/v2\/media\/231006"}],"wp:attachment":[{"href":"https:\/\/nvnoticias.mx\/index.php\/wp-json\/wp\/v2\/media?parent=231004"}],"wp:term":[{"taxonomy":"category","embeddable":true,"href":"https:\/\/nvnoticias.mx\/index.php\/wp-json\/wp\/v2\/categories?post=231004"},{"taxonomy":"post_tag","embeddable":true,"href":"https:\/\/nvnoticias.mx\/index.php\/wp-json\/wp\/v2\/tags?post=231004"}],"curies":[{"name":"wp","href":"https:\/\/api.w.org\/{rel}","templated":true}]}}