{"id":231000,"date":"2026-09-03T09:53:32","date_gmt":"2026-09-03T15:53:32","guid":{"rendered":"https:\/\/nvnoticias.mx\/?p=231000"},"modified":"2026-09-03T09:53:38","modified_gmt":"2026-09-03T15:53:38","slug":"proyectan-crear-dos-secciones-en-la-corte-para-acelerar-trabajos","status":"publish","type":"post","link":"https:\/\/nvnoticias.mx\/index.php\/2026\/09\/03\/proyectan-crear-dos-secciones-en-la-corte-para-acelerar-trabajos\/","title":{"rendered":"Proyectan crear dos secciones en la Corte para acelerar trabajos"},"content":{"rendered":"\n<p class=\"wp-block-paragraph\">La Consejer\u00eda Jur\u00eddica de la Presidencia de la Rep\u00fablica elabora un proyecto que reforma la Ley Org\u00e1nica del Poder Judicial de la Federaci\u00f3n (PJF); entre los puntos relevantes destaca la creaci\u00f3n y funcionamiento de dos secciones (antes salas de la Corte) y plantea dar mayores facultades al \u00d3rgano de Administraci\u00f3n Judicial (OAJ) en materia de control presupuestario y de seguimiento para los empleados administrativos; sin embargo, se analiza retirarle el control del gasto que ahora tiene respecto al Tribunal de Disciplina Judicial y el Tribunal Electoral del Poder Judicial de la Federaci\u00f3n (TEPJF), y se impulsa tambi\u00e9n dar autonom\u00eda a la Corte en el manejo de contrataciones e inmobiliario.<\/p>\n\n\n\n<p class=\"wp-block-paragraph\">El proyecto tambi\u00e9n propone el establecimiento de un \u201cPleno de \u00d3rganos Superiores de Justicia Federal\u201d, que \u201cfije la pol\u00edtica judicial que deben seguir todos los \u00f3rganos jurisdiccionales de la Federaci\u00f3n para garantizar la atenci\u00f3n de sectores vulnerables, (y) mantener un v\u00ednculo estrecho con el pueblo\u201d.<\/p>\n\n\n\n<p class=\"wp-block-paragraph\">Fuente: La <a href=\"https:\/\/www.jornada.com.mx\/noticia\/2026\/09\/03\/politica\/proyectan-crear-dos-secciones-en-la-corte-para-acelerar-trabajos\">Jornada<\/a><\/p>\n\n\n\n<p class=\"wp-block-paragraph\"><\/p>\n","protected":false},"excerpt":{"rendered":"<p>La Consejer\u00eda Jur\u00eddica de la Presidencia de la Rep\u00fablica elabora un proyecto que reforma la Ley Org\u00e1nica del Poder Judicial de la Federaci\u00f3n (PJF); entre los puntos relevantes destaca la creaci\u00f3n y funcionamiento de dos secciones (antes salas de la Corte) y plantea dar mayores facultades al \u00d3rgano de Administraci\u00f3n Judicial (OAJ) en materia de [&hellip;]<\/p>\n","protected":false},"author":35,"featured_media":231002,"comment_status":"open","ping_status":"open","sticky":false,"template":"","format":"standard","meta":{"_monsterinsights_skip_tracking":false,"footnotes":""},"categories":[157],"tags":[7727],"class_list":["post-231000","post","type-post","status-publish","format-standard","has-post-thumbnail","hentry","category-nacional","tag-corte","wp-image-borders"],"amp_enabled":true,"_links":{"self":[{"href":"https:\/\/nvnoticias.mx\/index.php\/wp-json\/wp\/v2\/posts\/231000","targetHints":{"allow":["GET"]}}],"collection":[{"href":"https:\/\/nvnoticias.mx\/index.php\/wp-json\/wp\/v2\/posts"}],"about":[{"href":"https:\/\/nvnoticias.mx\/index.php\/wp-json\/wp\/v2\/types\/post"}],"author":[{"embeddable":true,"href":"https:\/\/nvnoticias.mx\/index.php\/wp-json\/wp\/v2\/users\/35"}],"replies":[{"embeddable":true,"href":"https:\/\/nvnoticias.mx\/index.php\/wp-json\/wp\/v2\/comments?post=231000"}],"version-history":[{"count":2,"href":"https:\/\/nvnoticias.mx\/index.php\/wp-json\/wp\/v2\/posts\/231000\/revisions"}],"predecessor-version":[{"id":231003,"href":"https:\/\/nvnoticias.mx\/index.php\/wp-json\/wp\/v2\/posts\/231000\/revisions\/231003"}],"wp:featuredmedia":[{"embeddable":true,"href":"https:\/\/nvnoticias.mx\/index.php\/wp-json\/wp\/v2\/media\/231002"}],"wp:attachment":[{"href":"https:\/\/nvnoticias.mx\/index.php\/wp-json\/wp\/v2\/media?parent=231000"}],"wp:term":[{"taxonomy":"category","embeddable":true,"href":"https:\/\/nvnoticias.mx\/index.php\/wp-json\/wp\/v2\/categories?post=231000"},{"taxonomy":"post_tag","embeddable":true,"href":"https:\/\/nvnoticias.mx\/index.php\/wp-json\/wp\/v2\/tags?post=231000"}],"curies":[{"name":"wp","href":"https:\/\/api.w.org\/{rel}","templated":true}]}}