{"id":230984,"date":"2026-09-02T14:15:46","date_gmt":"2026-09-02T20:15:46","guid":{"rendered":"https:\/\/nvnoticias.mx\/?p=230984"},"modified":"2026-09-02T14:15:53","modified_gmt":"2026-09-02T20:15:53","slug":"sheinbaum-asistira-a-la-scjn-a-conmemoracion-por-el-primer-ano-del-renovado-pjf","status":"publish","type":"post","link":"https:\/\/nvnoticias.mx\/index.php\/2026\/09\/02\/sheinbaum-asistira-a-la-scjn-a-conmemoracion-por-el-primer-ano-del-renovado-pjf\/","title":{"rendered":"Sheinbaum asistir\u00e1 a la SCJN a conmemoraci\u00f3n por el primer a\u00f1o del renovado PJF"},"content":{"rendered":"\n<p class=\"wp-block-paragraph\">La presidenta Claudia Sheinbaum Pardo ya confirm\u00f3 su asistencia el pr\u00f3ximo lunes 7 de septiembre a la Suprema Corte de Justicia de la Naci\u00f3n (SCJN), al acto conmemorativo por el primer a\u00f1o de la nueva conformaci\u00f3n del Poder Judicial de la Federaci\u00f3n (PJF), informaron fuentes judiciales a La Jornada.<\/p>\n\n\n\n<p class=\"wp-block-paragraph\">El acto ser\u00e1 encabezado por el ministro presidente, Hugo Aguilar Ortiz, quien fungir\u00e1 como \u00fanico orador, aunque tambi\u00e9n asistir\u00e1n los titulares de los otros \u00f3rganos del PJF: el magistrado presidente del Tribunal Electoral del Poder Judicial de la Federaci\u00f3n (TEPJF), Gilberto B\u00e1tiz Garc\u00eda; el presidente del \u00d3rgano de Administraci\u00f3n Judicial (OAJ), N\u00e9stor Vargas Solano, y la presidenta del Tribunal de Disciplina Judicial (TDJ), Celia Maya Garc\u00eda.<\/p>\n\n\n\n<p class=\"wp-block-paragraph\">Aguilar Ortiz rendir\u00e1 un balance de las actividades de la SCJN, el TEPJF, el OAJ y el TDJ durante este primer a\u00f1o. Estos dos \u00faltimos \u00f3rganos fueron creados con la reforma judicial y, desde el 1 de septiembre de 2025, asumieron las funciones del extinto Consejo de la Judicatura Federal (CJF).<\/p>\n\n\n\n<p class=\"wp-block-paragraph\">Los preparativos de este acto fueron revisados este mi\u00e9rcoles por el Pleno de los nueve ministros, que tambi\u00e9n asumieron funciones el 1 de septiembre del a\u00f1o pasado, tras ser electos en la primera elecci\u00f3n judicial.<\/p>\n\n\n\n<p class=\"wp-block-paragraph\">\u201cHemos iniciado tarde (la sesi\u00f3n) porque estamos haciendo los preparativos para el evento que tendremos pr\u00f3ximamente para rendir un informe al pueblo de M\u00e9xico de las actividades que hemos estado realizando para este primer a\u00f1o de labores\u201d, explic\u00f3 Aguilar Ortiz al iniciar la sesi\u00f3n p\u00fablica.<\/p>\n\n\n\n<p class=\"wp-block-paragraph\">Aunque el primer aniversario del renovado PJF se cumpli\u00f3 el pasado martes, la Corte decidi\u00f3 posponer la conmemoraci\u00f3n hasta el 7 de septiembre, debido a que ese d\u00eda sus ministros acudieron al segundo informe de gobierno de la presidenta Claudia Sheinbaum.<\/p>\n\n\n\n<p class=\"wp-block-paragraph\">Fuente: La <a href=\"https:\/\/www.jornada.com.mx\/noticia\/2026\/09\/02\/politica\/sheinbaum-asistira-a-la-scjn-al-informe-por-el-primer-ano-del-renovado-pjf\">Jornada<\/a><\/p>\n","protected":false},"excerpt":{"rendered":"<p>La presidenta Claudia Sheinbaum Pardo ya confirm\u00f3 su asistencia el pr\u00f3ximo lunes 7 de septiembre a la Suprema Corte de Justicia de la Naci\u00f3n (SCJN), al acto conmemorativo por el primer a\u00f1o de la nueva conformaci\u00f3n del Poder Judicial de la Federaci\u00f3n (PJF), informaron fuentes judiciales a La Jornada. El acto ser\u00e1 encabezado por el [&hellip;]<\/p>\n","protected":false},"author":35,"featured_media":230986,"comment_status":"open","ping_status":"open","sticky":false,"template":"","format":"standard","meta":{"_monsterinsights_skip_tracking":false,"footnotes":""},"categories":[158],"tags":[2801,1913,3194],"class_list":["post-230984","post","type-post","status-publish","format-standard","has-post-thumbnail","hentry","category-politica","tag-claudia-sheinbaum","tag-pjf","tag-scjn","wp-image-borders"],"amp_enabled":true,"_links":{"self":[{"href":"https:\/\/nvnoticias.mx\/index.php\/wp-json\/wp\/v2\/posts\/230984","targetHints":{"allow":["GET"]}}],"collection":[{"href":"https:\/\/nvnoticias.mx\/index.php\/wp-json\/wp\/v2\/posts"}],"about":[{"href":"https:\/\/nvnoticias.mx\/index.php\/wp-json\/wp\/v2\/types\/post"}],"author":[{"embeddable":true,"href":"https:\/\/nvnoticias.mx\/index.php\/wp-json\/wp\/v2\/users\/35"}],"replies":[{"embeddable":true,"href":"https:\/\/nvnoticias.mx\/index.php\/wp-json\/wp\/v2\/comments?post=230984"}],"version-history":[{"count":3,"href":"https:\/\/nvnoticias.mx\/index.php\/wp-json\/wp\/v2\/posts\/230984\/revisions"}],"predecessor-version":[{"id":230988,"href":"https:\/\/nvnoticias.mx\/index.php\/wp-json\/wp\/v2\/posts\/230984\/revisions\/230988"}],"wp:featuredmedia":[{"embeddable":true,"href":"https:\/\/nvnoticias.mx\/index.php\/wp-json\/wp\/v2\/media\/230986"}],"wp:attachment":[{"href":"https:\/\/nvnoticias.mx\/index.php\/wp-json\/wp\/v2\/media?parent=230984"}],"wp:term":[{"taxonomy":"category","embeddable":true,"href":"https:\/\/nvnoticias.mx\/index.php\/wp-json\/wp\/v2\/categories?post=230984"},{"taxonomy":"post_tag","embeddable":true,"href":"https:\/\/nvnoticias.mx\/index.php\/wp-json\/wp\/v2\/tags?post=230984"}],"curies":[{"name":"wp","href":"https:\/\/api.w.org\/{rel}","templated":true}]}}