{"id":230968,"date":"2026-09-02T14:08:00","date_gmt":"2026-09-02T20:08:00","guid":{"rendered":"https:\/\/nvnoticias.mx\/?p=230968"},"modified":"2026-09-02T14:08:12","modified_gmt":"2026-09-02T20:08:12","slug":"asesinan-a-tecladista-de-camilo-septimo-su-esposa-embarazada-y-dos-personas-mas-en-atizapan","status":"publish","type":"post","link":"https:\/\/nvnoticias.mx\/index.php\/2026\/09\/02\/asesinan-a-tecladista-de-camilo-septimo-su-esposa-embarazada-y-dos-personas-mas-en-atizapan\/","title":{"rendered":"Asesinan a tecladista de Camilo S\u00e9ptimo, su esposa embarazada y dos personas m\u00e1s en Atizap\u00e1n"},"content":{"rendered":"\n<p class=\"wp-block-paragraph\">El tecladista de la banda de rock\u00a0<strong>Camilo S\u00e9ptimo<\/strong>,\u00a0<strong>Jonathan Mel\u00e9ndez<\/strong>, fue<strong>asesinado a balazos<\/strong> junto con su esposa embarazada, su hija de 3 a\u00f1os y una trabajadora dom\u00e9stica, dentro de un domicilio del fraccionamiento Gran Viure, en Atizap\u00e1n de Zaragoza.<\/p>\n\n\n\n<p class=\"wp-block-paragraph\">El hallazgo de los cuerpos ocurri\u00f3 la noche del 1 de septiembre, en un inmueble de la&nbsp;<strong>calle Bosque de Amates<\/strong>, tras el reporte de un masculino, amigo de la familia, a las autoridades.<\/p>\n\n\n\n<p class=\"wp-block-paragraph\">De acuerdo con el reporte oficial,&nbsp;<strong>las v\u00edctimas estaban atadas<\/strong>&nbsp;de las manos. En una de las rec\u00e1maras fue localizado otro menor de edad, quien result\u00f3 ileso.<\/p>\n\n\n\n<p class=\"wp-block-paragraph\">La esposa del m\u00fasico fue identificada como Ana Paola, de 35 a\u00f1os, mientras que la menor fue identificada como Sof\u00eda.<\/p>\n\n\n\n<p class=\"wp-block-paragraph\">Ana Paola, se encontraba en estado de gestaci\u00f3n, de acuerdo a informaci\u00f3n oficial.<\/p>\n\n\n\n<p class=\"wp-block-paragraph\">En el lugar tambi\u00e9n se localiz\u00f3 un perro, mascota de la familia, atado.<\/p>\n\n\n\n<p class=\"wp-block-paragraph\">Al lugar acudieron elementos de la\u00a0<strong>Secretar\u00eda de Seguridad del Estado de M\u00e9xico<\/strong>, as\u00ed como personal de Seguridad P\u00fablica Municipal y Protecci\u00f3n Civil, quienes tomaron conocimiento de los hechos.<\/p>\n\n\n\n<p class=\"wp-block-paragraph\">Un amigo del tecladista se\u00f1al\u00f3 a las autoridades que horas antes Jonathan Mel\u00e9ndez le coment\u00f3 que se reunir\u00eda con un socio y le pidi\u00f3 que, si no ten\u00eda\u00a0\u00a0noticias\u00a0de \u00e9l en determinado tiempo, acudiera ante las autoridades, debido a que manten\u00eda problemas con esa persona.<\/p>\n\n\n\n<p class=\"wp-block-paragraph\">La\u00a0<strong>Fiscal\u00eda General de Justicia<\/strong>\u00a0del Estado de M\u00e9xico inici\u00f3 las investigaciones para esclarecer el\u00a0<strong>m\u00faltiple homicidio<\/strong>\u00a0y determinar el m\u00f3vil del ataque.<\/p>\n\n\n\n<p class=\"wp-block-paragraph\">Por estos hechos, se despleg\u00f3 un operativo entre autoridades del Estado y la federaci\u00f3n dando como resultado la detenci\u00f3n de&nbsp;<strong>dos presuntos autores del homicidio.<\/strong><\/p>\n\n\n\n<p class=\"wp-block-paragraph\">Se trata de<strong>\u00a0Diego Sebasti\u00e1n \u201cN\u201d<\/strong>\u00a0identificado como \u201csocio\u201d del tecladista, y probable autor del homicidio m\u00faltiple; previamente, fue detenido\u00a0<strong>Gerardo \u201cN\u201d<\/strong>, tambi\u00e9n investigado por su probable intervenci\u00f3n en los mismos hechos.<\/p>\n\n\n\n<p class=\"wp-block-paragraph\">Tras el asesinato del\u00a0<strong>tecladista de<\/strong>\u00a0<strong>Camilo S\u00e9ptimo<\/strong>, su esposa, su hija y una trabajadora dom\u00e9stica en el fraccionamiento Gran Viure, en Bosque Esmeralda, el\u00a0<strong>Gobierno de Atizap\u00e1n<\/strong>\u00a0de Zaragoza lament\u00f3 lo sucedido y afirm\u00f3 que mantendr\u00e1 la coordinaci\u00f3n con autoridades estatales y federales para atender los hechos delictivos en el municipio.<\/p>\n\n\n\n<p class=\"wp-block-paragraph\">A trav\u00e9s de un comunicado, las autoridades del Ayuntamiento indicaron que la&nbsp;<strong>Polic\u00eda Municipal&nbsp;<\/strong>acudi\u00f3 al domicilio tras el reporte de las cuatro personas sin vida y colabor\u00f3 con las autoridades ministeriales en las diligencias del caso.<\/p>\n\n\n\n<p class=\"wp-block-paragraph\">El municipio corrobor\u00f3 que dos personas presuntamente relacionadas con el m\u00faltiple homicidio fueron detenidas en la Ciudad de M\u00e9xico por elementos de la FGJEM.<\/p>\n\n\n\n<p class=\"wp-block-paragraph\">Fuente: El <a href=\"https:\/\/www.eluniversal.com.mx\/metropoli\/asesinan-a-tecladista-de-camilo-septimo-su-esposa-embarazada-y-dos-personas-mas-en-atizapan-detienen-a-dos-presuntos-responsables\/\">Universal<\/a><\/p>\n","protected":false},"excerpt":{"rendered":"<p>El tecladista de la banda de rock\u00a0Camilo S\u00e9ptimo,\u00a0Jonathan Mel\u00e9ndez, fueasesinado a balazos junto con su esposa embarazada, su hija de 3 a\u00f1os y una trabajadora dom\u00e9stica, dentro de un domicilio del fraccionamiento Gran Viure, en Atizap\u00e1n de Zaragoza. El hallazgo de los cuerpos ocurri\u00f3 la noche del 1 de septiembre, en un inmueble de la&nbsp;calle [&hellip;]<\/p>\n","protected":false},"author":35,"featured_media":230969,"comment_status":"open","ping_status":"open","sticky":false,"template":"","format":"standard","meta":{"_monsterinsights_skip_tracking":false,"footnotes":""},"categories":[157],"tags":[3853,33891],"class_list":["post-230968","post","type-post","status-publish","format-standard","has-post-thumbnail","hentry","category-nacional","tag-atizapan","tag-camilo-septimo","wp-image-borders"],"amp_enabled":true,"_links":{"self":[{"href":"https:\/\/nvnoticias.mx\/index.php\/wp-json\/wp\/v2\/posts\/230968","targetHints":{"allow":["GET"]}}],"collection":[{"href":"https:\/\/nvnoticias.mx\/index.php\/wp-json\/wp\/v2\/posts"}],"about":[{"href":"https:\/\/nvnoticias.mx\/index.php\/wp-json\/wp\/v2\/types\/post"}],"author":[{"embeddable":true,"href":"https:\/\/nvnoticias.mx\/index.php\/wp-json\/wp\/v2\/users\/35"}],"replies":[{"embeddable":true,"href":"https:\/\/nvnoticias.mx\/index.php\/wp-json\/wp\/v2\/comments?post=230968"}],"version-history":[{"count":7,"href":"https:\/\/nvnoticias.mx\/index.php\/wp-json\/wp\/v2\/posts\/230968\/revisions"}],"predecessor-version":[{"id":230976,"href":"https:\/\/nvnoticias.mx\/index.php\/wp-json\/wp\/v2\/posts\/230968\/revisions\/230976"}],"wp:featuredmedia":[{"embeddable":true,"href":"https:\/\/nvnoticias.mx\/index.php\/wp-json\/wp\/v2\/media\/230969"}],"wp:attachment":[{"href":"https:\/\/nvnoticias.mx\/index.php\/wp-json\/wp\/v2\/media?parent=230968"}],"wp:term":[{"taxonomy":"category","embeddable":true,"href":"https:\/\/nvnoticias.mx\/index.php\/wp-json\/wp\/v2\/categories?post=230968"},{"taxonomy":"post_tag","embeddable":true,"href":"https:\/\/nvnoticias.mx\/index.php\/wp-json\/wp\/v2\/tags?post=230968"}],"curies":[{"name":"wp","href":"https:\/\/api.w.org\/{rel}","templated":true}]}}