{"id":230942,"date":"2026-09-02T13:47:12","date_gmt":"2026-09-02T19:47:12","guid":{"rendered":"https:\/\/nvnoticias.mx\/?p=230942"},"modified":"2026-09-02T13:47:20","modified_gmt":"2026-09-02T19:47:20","slug":"somos-contendera-con-candidaturas-en-2027-y-llama-a-ciudadanos-a-participar","status":"publish","type":"post","link":"https:\/\/nvnoticias.mx\/index.php\/2026\/09\/02\/somos-contendera-con-candidaturas-en-2027-y-llama-a-ciudadanos-a-participar\/","title":{"rendered":"Somos contender\u00e1 con candidaturas en 2027 y llama a ciudadanos a participar"},"content":{"rendered":"\n<p class=\"wp-block-paragraph\"><\/p>\n\n\n\n<p class=\"wp-block-paragraph\"><strong>Jes\u00fas Utrilla \/ NV Noticias <\/strong><\/p>\n\n\n\n<p class=\"wp-block-paragraph\">El partido Somos adelant\u00f3 que participar\u00e1 sin coaliciones partidistas en los pr\u00f3ximos procesos electorales y que su principal alianza ser\u00e1 con la sociedad civil y ciudadanos que busquen incursionar en la pol\u00edtica.<\/p>\n\n\n\n<p class=\"wp-block-paragraph\">Durante un pronunciamiento, el presidente del instituto pol\u00edtico, Juli\u00e1n Javier Gonz\u00e1lez Su\u00e1rez, cuestion\u00f3 los resultados de proyectos pol\u00edticos que en su momento plantearon un \u201ccambio verdadero\u201d, al considerar que las expectativas generadas ante la sociedad no se cumplieron.<\/p>\n\n\n\n<p class=\"wp-block-paragraph\">Ante este escenario, afirm\u00f3 que Somos pretende construir una alternativa pol\u00edtica mediante la incorporaci\u00f3n de ciudadanos y representantes de distintos sectores sociales.<\/p>\n\n\n\n<p class=\"wp-block-paragraph\">Se\u00f1al\u00f3 que, debido a las disposiciones legales, actualmente el partido no contempla alianzas con otras fuerzas pol\u00edticas, por lo que competir\u00e1 de manera independiente en los distritos que le correspondan. El partido contempla postular 19 candidatos a diputaciones federales y 30 a diputaciones locales, con la intenci\u00f3n de participar en todos los distritos electorales disponibles.<\/p>\n\n\n\n<p class=\"wp-block-paragraph\">Gonz\u00e1lez Su\u00e1rez asegur\u00f3 que las puertas del partido est\u00e1n abiertas a ciudadanos interesados en participar y que uno de los objetivos es incorporar perfiles vinculados con las necesidades de diferentes sectores.<\/p>\n\n\n\n<p class=\"wp-block-paragraph\">Mencion\u00f3 entre ellos a campesinos, maestros, m\u00e9dicos y madres de familia, adem\u00e1s de ciudadanos que defiendan causas sociales y busquen participar en la toma de decisiones p\u00fablicas.<\/p>\n\n\n\n<p class=\"wp-block-paragraph\">El presidente de Somos sostuvo que la intenci\u00f3n es que la organizaci\u00f3n pol\u00edtica se construya a partir de las demandas de la ciudadan\u00eda y no \u00fanicamente desde las estructuras partidistas.<\/p>\n\n\n\n<p class=\"wp-block-paragraph\">Durante el encuentro tambi\u00e9n estuvieron presentes integrantes de la dirigencia y estructuras municipales y estatales del partido, entre ellos la secretaria general, Gladys Mercado; la coordinadora del Consejo Consultivo Ciudadano, Yasm\u00edn Copete Zapot; as\u00ed como representantes de los comit\u00e9s municipales de Veracruz y Boca del R\u00edo.<\/p>\n","protected":false},"excerpt":{"rendered":"<p>Jes\u00fas Utrilla \/ NV Noticias El partido Somos adelant\u00f3 que participar\u00e1 sin coaliciones partidistas en los pr\u00f3ximos procesos electorales y que su principal alianza ser\u00e1 con la sociedad civil y ciudadanos que busquen incursionar en la pol\u00edtica. Durante un pronunciamiento, el presidente del instituto pol\u00edtico, Juli\u00e1n Javier Gonz\u00e1lez Su\u00e1rez, cuestion\u00f3 los resultados de proyectos pol\u00edticos [&hellip;]<\/p>\n","protected":false},"author":8,"featured_media":230943,"comment_status":"open","ping_status":"open","sticky":false,"template":"","format":"standard","meta":{"_monsterinsights_skip_tracking":false,"footnotes":""},"categories":[154],"tags":[610,33703,32862],"class_list":["post-230942","post","type-post","status-publish","format-standard","has-post-thumbnail","hentry","category-veracruz","tag-candidaturas","tag-elecciones-2027","tag-somos","wp-image-borders"],"amp_enabled":true,"_links":{"self":[{"href":"https:\/\/nvnoticias.mx\/index.php\/wp-json\/wp\/v2\/posts\/230942","targetHints":{"allow":["GET"]}}],"collection":[{"href":"https:\/\/nvnoticias.mx\/index.php\/wp-json\/wp\/v2\/posts"}],"about":[{"href":"https:\/\/nvnoticias.mx\/index.php\/wp-json\/wp\/v2\/types\/post"}],"author":[{"embeddable":true,"href":"https:\/\/nvnoticias.mx\/index.php\/wp-json\/wp\/v2\/users\/8"}],"replies":[{"embeddable":true,"href":"https:\/\/nvnoticias.mx\/index.php\/wp-json\/wp\/v2\/comments?post=230942"}],"version-history":[{"count":1,"href":"https:\/\/nvnoticias.mx\/index.php\/wp-json\/wp\/v2\/posts\/230942\/revisions"}],"predecessor-version":[{"id":230944,"href":"https:\/\/nvnoticias.mx\/index.php\/wp-json\/wp\/v2\/posts\/230942\/revisions\/230944"}],"wp:featuredmedia":[{"embeddable":true,"href":"https:\/\/nvnoticias.mx\/index.php\/wp-json\/wp\/v2\/media\/230943"}],"wp:attachment":[{"href":"https:\/\/nvnoticias.mx\/index.php\/wp-json\/wp\/v2\/media?parent=230942"}],"wp:term":[{"taxonomy":"category","embeddable":true,"href":"https:\/\/nvnoticias.mx\/index.php\/wp-json\/wp\/v2\/categories?post=230942"},{"taxonomy":"post_tag","embeddable":true,"href":"https:\/\/nvnoticias.mx\/index.php\/wp-json\/wp\/v2\/tags?post=230942"}],"curies":[{"name":"wp","href":"https:\/\/api.w.org\/{rel}","templated":true}]}}