{"id":230939,"date":"2026-09-02T13:42:27","date_gmt":"2026-09-02T19:42:27","guid":{"rendered":"https:\/\/nvnoticias.mx\/?p=230939"},"modified":"2026-09-02T13:42:33","modified_gmt":"2026-09-02T19:42:33","slug":"lanzan-convocatoria-para-integrar-la-corte-real-del-carnaval-de-veracruz-2027","status":"publish","type":"post","link":"https:\/\/nvnoticias.mx\/index.php\/2026\/09\/02\/lanzan-convocatoria-para-integrar-la-corte-real-del-carnaval-de-veracruz-2027\/","title":{"rendered":"Lanzan\u00a0 convocatoria para integrar la Corte Real del Carnaval de Veracruz 2027"},"content":{"rendered":"\n<p class=\"wp-block-paragraph\"><br><strong>Jes\u00fas Utrilla \/ NV Noticias <\/strong><\/p>\n\n\n\n<p class=\"wp-block-paragraph\"><br>El Comit\u00e9 de Carnaval de Veracruz abri\u00f3 a convocatoria para quienes busquen contender por alguno de los t\u00edtulos de la Corte Real de las fiestas carnestolendas de 2027.<\/p>\n\n\n\n<p class=\"wp-block-paragraph\"><br>El director de Turismo y Carnaval de Veracruz, Daniel Mart\u00edn Lois, inform\u00f3 que el registro permanecer\u00e1 abierto hasta el pr\u00f3ximo 2 de octubre a las 14:00 horas, aunque podr\u00eda cerrarse anticipadamente si se alcanza el l\u00edmite de seis aspirantes por cada categor\u00eda.<\/p>\n\n\n\n<p class=\"wp-block-paragraph\"><br>Para contender por la corona de reina, las participantes deber\u00e1n ser mujeres de nacimiento, veracruzanas o hijas de padre o madre veracruzano, adem\u00e1s de tener entre 18 y 35 a\u00f1os. En el caso de los candidatos a rey, deber\u00e1n ser hombres de nacimiento, veracruzanos o hijos de padre o madre veracruzano, con una edad m\u00ednima de 18 a\u00f1os.<\/p>\n\n\n\n<p class=\"wp-block-paragraph\"><br>En la categor\u00eda infantil podr\u00e1n participar ni\u00f1as y ni\u00f1os veracruzanos de nacimiento o hijos de padre o madre veracruzano, a partir de los seis a\u00f1os.<br>Mart\u00edn Lois precis\u00f3 que quienes hayan formado parte de la Corte Real en los \u00faltimos cinco a\u00f1os no est\u00e1n impedidos para participar nuevamente en esta convocatoria.<\/p>\n\n\n\n<p class=\"wp-block-paragraph\"><br>Entre los requisitos se encuentran acta de nacimiento, identificaci\u00f3n oficial vigente del aspirante y, cuando corresponda, de su representante o tutor; certificado de bachillerato concluido para los adultos y constancia de estudios para los menores. <\/p>\n\n\n\n<p class=\"wp-block-paragraph\">Tambi\u00e9n deber\u00e1n entregar fotograf\u00edas, un video o escrito en el que expliquen sus motivos para participar, formato de inscripci\u00f3n, carta responsiva y comprobante de pago.<\/p>\n\n\n\n<p class=\"wp-block-paragraph\"><br>El funcionario indic\u00f3 que la inscripci\u00f3n para las categor\u00edas de adultos tendr\u00e1 un costo de 600 UMAS, equivalente a 70 mil 386 pesos, mientras que para los candidatos infantiles ser\u00e1 de 240 UMAS, es decir, 28 mil 154.40 pesos.<\/p>\n\n\n\n<p class=\"wp-block-paragraph\"><br>Los registros deber\u00e1n realizarse directamente en las oficinas del Comit\u00e9 de Carnaval, ubicadas en los bajos del Palacio Municipal.<\/p>\n\n\n\n<p class=\"wp-block-paragraph\"><br>Respecto a las fiestas, el director de Turismo y Carnaval confirm\u00f3 que el Carnaval de Veracruz 2027 se desarrollar\u00e1 del 2 al 10 de febrero, de acuerdo con el calendario eclesi\u00e1stico.<br><\/p>\n","protected":false},"excerpt":{"rendered":"<p>Jes\u00fas Utrilla \/ NV Noticias El Comit\u00e9 de Carnaval de Veracruz abri\u00f3 a convocatoria para quienes busquen contender por alguno de los t\u00edtulos de la Corte Real de las fiestas carnestolendas de 2027. El director de Turismo y Carnaval de Veracruz, Daniel Mart\u00edn Lois, inform\u00f3 que el registro permanecer\u00e1 abierto hasta el pr\u00f3ximo 2 de [&hellip;]<\/p>\n","protected":false},"author":8,"featured_media":230940,"comment_status":"open","ping_status":"open","sticky":false,"template":"","format":"standard","meta":{"_monsterinsights_skip_tracking":false,"footnotes":""},"categories":[154],"tags":[33889,286,11323],"class_list":["post-230939","post","type-post","status-publish","format-standard","has-post-thumbnail","hentry","category-veracruz","tag-carnaval-de-veracruz-2027","tag-convocatoria","tag-corte-real","wp-image-borders"],"amp_enabled":true,"_links":{"self":[{"href":"https:\/\/nvnoticias.mx\/index.php\/wp-json\/wp\/v2\/posts\/230939","targetHints":{"allow":["GET"]}}],"collection":[{"href":"https:\/\/nvnoticias.mx\/index.php\/wp-json\/wp\/v2\/posts"}],"about":[{"href":"https:\/\/nvnoticias.mx\/index.php\/wp-json\/wp\/v2\/types\/post"}],"author":[{"embeddable":true,"href":"https:\/\/nvnoticias.mx\/index.php\/wp-json\/wp\/v2\/users\/8"}],"replies":[{"embeddable":true,"href":"https:\/\/nvnoticias.mx\/index.php\/wp-json\/wp\/v2\/comments?post=230939"}],"version-history":[{"count":1,"href":"https:\/\/nvnoticias.mx\/index.php\/wp-json\/wp\/v2\/posts\/230939\/revisions"}],"predecessor-version":[{"id":230941,"href":"https:\/\/nvnoticias.mx\/index.php\/wp-json\/wp\/v2\/posts\/230939\/revisions\/230941"}],"wp:featuredmedia":[{"embeddable":true,"href":"https:\/\/nvnoticias.mx\/index.php\/wp-json\/wp\/v2\/media\/230940"}],"wp:attachment":[{"href":"https:\/\/nvnoticias.mx\/index.php\/wp-json\/wp\/v2\/media?parent=230939"}],"wp:term":[{"taxonomy":"category","embeddable":true,"href":"https:\/\/nvnoticias.mx\/index.php\/wp-json\/wp\/v2\/categories?post=230939"},{"taxonomy":"post_tag","embeddable":true,"href":"https:\/\/nvnoticias.mx\/index.php\/wp-json\/wp\/v2\/tags?post=230939"}],"curies":[{"name":"wp","href":"https:\/\/api.w.org\/{rel}","templated":true}]}}