{"id":230931,"date":"2026-09-02T12:22:06","date_gmt":"2026-09-02T18:22:06","guid":{"rendered":"https:\/\/nvnoticias.mx\/?p=230931"},"modified":"2026-09-02T12:22:14","modified_gmt":"2026-09-02T18:22:14","slug":"trump-propone-cambiar-el-nombre-del-estrecho-de-ormuz-por-estrecho-de-trump","status":"publish","type":"post","link":"https:\/\/nvnoticias.mx\/index.php\/2026\/09\/02\/trump-propone-cambiar-el-nombre-del-estrecho-de-ormuz-por-estrecho-de-trump\/","title":{"rendered":"Trump propone cambiar el nombre del estrecho de Ormuz por &#8220;estrecho de Trump&#8221;"},"content":{"rendered":"\n<p class=\"wp-block-paragraph\">El presidente estadunidense, Donald Trump, propuso este mi\u00e9rcoles cambiar el nombre del estrecho de Ormuz por &#8220;estrecho de Trump&#8221;, en momentos en que ese paso mar\u00edtimo se encuentra en el centro del\u00a0conflicto de Medio Oriente.<\/p>\n\n\n\n<p class=\"wp-block-paragraph\">Ir\u00e1n bloque\u00f3 la v\u00eda mar\u00edtima, crucial para el tr\u00e1nsito del petr\u00f3leo mundial, tras los ataques de Estados Unidos e Israel el 28 de febrero, que desencadenaron la guerra.<\/p>\n\n\n\n<blockquote class=\"wp-block-quote is-layout-flow wp-block-quote-is-layout-flow\">\n<p class=\"wp-block-paragraph\">&#8220;Ahora que ya lo tenemos bajo control de Estados Unidos, \u00bf\u00bf\u00bfpodr\u00edamos cambiar el nombre del estrecho de Ormuz por ESTRECHO DE TRUMP??? Como el propio Estados Unidos, ser\u00e1 m\u00e1s &#8216;sexy&#8217; que nunca&#8221;, escribi\u00f3 el mandatario en su cuenta de Truth Social.<\/p>\n<\/blockquote>\n\n\n\n<p class=\"wp-block-paragraph\">Hace una semana Trump orden\u00f3\u00a0rebautizar el lago Ontario como &#8220;lago Am\u00e9rica&#8221;, en medio de la guerra comercial con Canad\u00e1 por la imposici\u00f3n de aranceles.<\/p>\n\n\n\n<p class=\"wp-block-paragraph\">El mandatario tambi\u00e9n hab\u00eda hecho lo mismo con\u00a0el Golfo de M\u00e9xico, al que ahora denomina &#8220;Golfo de Am\u00e9rica, apenas asumi\u00f3 su segundo mandato en enero de 2025.<\/p>\n\n\n\n<p class=\"wp-block-paragraph\">Ni M\u00e9xico ni Canad\u00e1 han aceptado los cambios.<\/p>\n\n\n\n<p class=\"wp-block-paragraph\">En las \u00faltimas semanas, Trump ha insistido repetidamente en su amenaza de reivindicar la soberan\u00eda sobre el estrecho de Ormuz.<\/p>\n\n\n\n<p class=\"wp-block-paragraph\">Fuente: La <a href=\"https:\/\/www.jornada.com.mx\/noticia\/2026\/09\/02\/mundo\/trump-propone-cambiar-el-nombre-del-estrecho-de-ormuz-por-estrecho-de-trump\">Jornada<\/a><\/p>\n","protected":false},"excerpt":{"rendered":"<p>El presidente estadunidense, Donald Trump, propuso este mi\u00e9rcoles cambiar el nombre del estrecho de Ormuz por &#8220;estrecho de Trump&#8221;, en momentos en que ese paso mar\u00edtimo se encuentra en el centro del\u00a0conflicto de Medio Oriente. Ir\u00e1n bloque\u00f3 la v\u00eda mar\u00edtima, crucial para el tr\u00e1nsito del petr\u00f3leo mundial, tras los ataques de Estados Unidos e Israel [&hellip;]<\/p>\n","protected":false},"author":35,"featured_media":230932,"comment_status":"open","ping_status":"open","sticky":false,"template":"","format":"standard","meta":{"_monsterinsights_skip_tracking":false,"footnotes":""},"categories":[181],"tags":[230,33093],"class_list":["post-230931","post","type-post","status-publish","format-standard","has-post-thumbnail","hentry","category-internacional","tag-donald-trump","tag-estrecho-de-ormuz","wp-image-borders"],"amp_enabled":true,"_links":{"self":[{"href":"https:\/\/nvnoticias.mx\/index.php\/wp-json\/wp\/v2\/posts\/230931","targetHints":{"allow":["GET"]}}],"collection":[{"href":"https:\/\/nvnoticias.mx\/index.php\/wp-json\/wp\/v2\/posts"}],"about":[{"href":"https:\/\/nvnoticias.mx\/index.php\/wp-json\/wp\/v2\/types\/post"}],"author":[{"embeddable":true,"href":"https:\/\/nvnoticias.mx\/index.php\/wp-json\/wp\/v2\/users\/35"}],"replies":[{"embeddable":true,"href":"https:\/\/nvnoticias.mx\/index.php\/wp-json\/wp\/v2\/comments?post=230931"}],"version-history":[{"count":4,"href":"https:\/\/nvnoticias.mx\/index.php\/wp-json\/wp\/v2\/posts\/230931\/revisions"}],"predecessor-version":[{"id":230936,"href":"https:\/\/nvnoticias.mx\/index.php\/wp-json\/wp\/v2\/posts\/230931\/revisions\/230936"}],"wp:featuredmedia":[{"embeddable":true,"href":"https:\/\/nvnoticias.mx\/index.php\/wp-json\/wp\/v2\/media\/230932"}],"wp:attachment":[{"href":"https:\/\/nvnoticias.mx\/index.php\/wp-json\/wp\/v2\/media?parent=230931"}],"wp:term":[{"taxonomy":"category","embeddable":true,"href":"https:\/\/nvnoticias.mx\/index.php\/wp-json\/wp\/v2\/categories?post=230931"},{"taxonomy":"post_tag","embeddable":true,"href":"https:\/\/nvnoticias.mx\/index.php\/wp-json\/wp\/v2\/tags?post=230931"}],"curies":[{"name":"wp","href":"https:\/\/api.w.org\/{rel}","templated":true}]}}