{"id":230926,"date":"2026-09-02T12:19:23","date_gmt":"2026-09-02T18:19:23","guid":{"rendered":"https:\/\/nvnoticias.mx\/?p=230926"},"modified":"2026-09-02T12:19:29","modified_gmt":"2026-09-02T18:19:29","slug":"departamento-del-tesoro-emite-moneda-de-1-dolar-con-la-cara-de-trump","status":"publish","type":"post","link":"https:\/\/nvnoticias.mx\/index.php\/2026\/09\/02\/departamento-del-tesoro-emite-moneda-de-1-dolar-con-la-cara-de-trump\/","title":{"rendered":"Departamento del Tesoro emite moneda de 1 d\u00f3lar con la cara de Trump"},"content":{"rendered":"\n<p class=\"wp-block-paragraph\">El Departamento del Tesoro de Estados Unidos emiti\u00f3 este mi\u00e9rcoles monedas de 1 d\u00f3lar con el rostro de Donald Trump, en el marco de la in\u00e9dita campa\u00f1a que emprendi\u00f3 el presidente republicano para dejar su impronta personal en las instituciones nacionales.<\/p>\n\n\n\n<p class=\"wp-block-paragraph\">Las monedas se acu\u00f1aron con motivo del\u00a0aniversario 250 de la fundaci\u00f3n de Estados Unidos, que se celebra este a\u00f1o.<\/p>\n\n\n\n<p class=\"wp-block-paragraph\">Un rollo de 25 monedas de un d\u00f3lar sali\u00f3 a la venta por 61 d\u00f3lares -un recargo de 144 por ciento-, y la bolsa con 100 monedas tiene un precio de 154.50 d\u00f3lares.<\/p>\n\n\n\n<p class=\"wp-block-paragraph\">Al lanzar la iniciativa, el Tesoro no hab\u00eda aclarado si las monedas tendr\u00edan valor monetario o ser\u00edan exclusivamente conmemorativas.<\/p>\n\n\n\n<p class=\"wp-block-paragraph\">Sin embargo, la Casa de la Moneda dijo este mi\u00e9rcoles que las monedas &#8220;est\u00e1n en circulaci\u00f3n&#8221;.<\/p>\n\n\n\n<p class=\"wp-block-paragraph\">La decisi\u00f3n contraviene una ley federal que establece que ning\u00fan presidente en ejercicio puede aparecer en la moneda estadunidense.<\/p>\n\n\n\n<p class=\"wp-block-paragraph\">Pero Trump ha desafiado de forma agresiva los precedentes y los recursos judiciales en su empe\u00f1o por transformar las instituciones estadunidenses durante su segundo mandato.<\/p>\n\n\n\n<p class=\"wp-block-paragraph\">Entre otras medidas, quiso a\u00f1adir su nombre al\u00a0Centro Kennedy para las Artes\u00a0y orden\u00f3 demoler el ala este de la Casa Blanca para hacer espacio a un nuevo sal\u00f3n de baile.<\/p>\n\n\n\n<p class=\"wp-block-paragraph\">La nueva moneda lleva en un lado el rostro del magnate republicano junto con las palabras &#8220;Liberty&#8221; (Libertad) y &#8220;In God We Trust&#8221;(En Dios confiamos).<\/p>\n\n\n\n<p class=\"wp-block-paragraph\">Tambi\u00e9n aparecen las fechas 1776-2026, que conmemoran los 250 a\u00f1os de la independencia estadunidense.<\/p>\n\n\n\n<p class=\"wp-block-paragraph\">La otra cara exhibe una versi\u00f3n del sello presidencial de Estados Unidos: un \u00e1guila que sostiene flechas y una rama de olivo, cubierta por un escudo con la inscripci\u00f3n &#8220;250&#8221;.<\/p>\n\n\n\n<p class=\"wp-block-paragraph\">Esta es la medida m\u00e1s reciente de Trump en su campa\u00f1a por poner su rostro y su nombre en la moneda estadunidense.<\/p>\n\n\n\n<p class=\"wp-block-paragraph\">En mayo, el secretario del Tesoro, Scott Bessent, afirm\u00f3 que impulsaba un plan para emitir un nuevo billete de 250 d\u00f3lares con el rostro de Trump.<\/p>\n\n\n\n<p class=\"wp-block-paragraph\">El funcionario reconoci\u00f3 que la iniciativa requerir\u00eda que el Congreso modificara la ley que proh\u00edbe que las personas vivas aparezcan en la moneda estadunidense.<\/p>\n\n\n\n<p class=\"wp-block-paragraph\">El Tesoro no respondi\u00f3 de inmediato a una solicitud de comentarios sobre si la nueva moneda de un d\u00f3lar vulnera esa ley.<\/p>\n\n\n\n<p class=\"wp-block-paragraph\">En marzo, el Tesoro anunci\u00f3 que el papel moneda de Estados Unidos llevar\u00eda pr\u00f3ximamente la firma de Trump, otra novedad sin precedentes para un presidente en ejercicio.<\/p>\n\n\n\n<p class=\"wp-block-paragraph\">Fuente: La <a href=\"https:\/\/www.jornada.com.mx\/noticia\/2026\/09\/02\/economia\/departamento-del-tesoro-emite-moneda-de-1-dolar-con-la-cara-de-trump\">Jornada<\/a><\/p>\n","protected":false},"excerpt":{"rendered":"<p>El Departamento del Tesoro de Estados Unidos emiti\u00f3 este mi\u00e9rcoles monedas de 1 d\u00f3lar con el rostro de Donald Trump, en el marco de la in\u00e9dita campa\u00f1a que emprendi\u00f3 el presidente republicano para dejar su impronta personal en las instituciones nacionales. Las monedas se acu\u00f1aron con motivo del\u00a0aniversario 250 de la fundaci\u00f3n de Estados Unidos, [&hellip;]<\/p>\n","protected":false},"author":35,"featured_media":230929,"comment_status":"open","ping_status":"open","sticky":false,"template":"","format":"standard","meta":{"_monsterinsights_skip_tracking":false,"footnotes":""},"categories":[181],"tags":[230],"class_list":["post-230926","post","type-post","status-publish","format-standard","has-post-thumbnail","hentry","category-internacional","tag-donald-trump","wp-image-borders"],"amp_enabled":true,"_links":{"self":[{"href":"https:\/\/nvnoticias.mx\/index.php\/wp-json\/wp\/v2\/posts\/230926","targetHints":{"allow":["GET"]}}],"collection":[{"href":"https:\/\/nvnoticias.mx\/index.php\/wp-json\/wp\/v2\/posts"}],"about":[{"href":"https:\/\/nvnoticias.mx\/index.php\/wp-json\/wp\/v2\/types\/post"}],"author":[{"embeddable":true,"href":"https:\/\/nvnoticias.mx\/index.php\/wp-json\/wp\/v2\/users\/35"}],"replies":[{"embeddable":true,"href":"https:\/\/nvnoticias.mx\/index.php\/wp-json\/wp\/v2\/comments?post=230926"}],"version-history":[{"count":3,"href":"https:\/\/nvnoticias.mx\/index.php\/wp-json\/wp\/v2\/posts\/230926\/revisions"}],"predecessor-version":[{"id":230930,"href":"https:\/\/nvnoticias.mx\/index.php\/wp-json\/wp\/v2\/posts\/230926\/revisions\/230930"}],"wp:featuredmedia":[{"embeddable":true,"href":"https:\/\/nvnoticias.mx\/index.php\/wp-json\/wp\/v2\/media\/230929"}],"wp:attachment":[{"href":"https:\/\/nvnoticias.mx\/index.php\/wp-json\/wp\/v2\/media?parent=230926"}],"wp:term":[{"taxonomy":"category","embeddable":true,"href":"https:\/\/nvnoticias.mx\/index.php\/wp-json\/wp\/v2\/categories?post=230926"},{"taxonomy":"post_tag","embeddable":true,"href":"https:\/\/nvnoticias.mx\/index.php\/wp-json\/wp\/v2\/tags?post=230926"}],"curies":[{"name":"wp","href":"https:\/\/api.w.org\/{rel}","templated":true}]}}