{"id":230921,"date":"2026-09-02T12:16:09","date_gmt":"2026-09-02T18:16:09","guid":{"rendered":"https:\/\/nvnoticias.mx\/?p=230921"},"modified":"2026-09-02T12:16:16","modified_gmt":"2026-09-02T18:16:16","slug":"amenaza-netanyahu-durante-visita-a-la-franja-gaza","status":"publish","type":"post","link":"https:\/\/nvnoticias.mx\/index.php\/2026\/09\/02\/amenaza-netanyahu-durante-visita-a-la-franja-gaza\/","title":{"rendered":"Amenaza Netanyahu durante visita a la franja Gaza"},"content":{"rendered":"\n<p class=\"wp-block-paragraph\">Durante una inusual visita a la franja de Gaza,\u00a0el primer ministro israel\u00ed, Benjamin Netanyahu, afirm\u00f3 este mi\u00e9rcoles que su pa\u00eds no tiene intenci\u00f3n de retirarse de las zonas que controla en este territorio palestino.<\/p>\n\n\n\n<p class=\"wp-block-paragraph\">Esta es la primera visita de Netanyahu a este territorio arrasado por la guerra desde el alto el fuego vigente desde octubre de 2025 entre Israel y Hamas y se produce en un momento en que el primer ministro hace campa\u00f1a para las elecciones del 27 de octubre.<\/p>\n\n\n\n<p class=\"wp-block-paragraph\">&#8220;Controlamos la zona. No nos estamos retirando. Nos quedaremos en esta l\u00ednea&#8221;, declar\u00f3 Netanyahu cerca de la l\u00ednea amarilla, que demarca la zona bajo el mando del\u00a0movimiento islamita Hamas\u00a0y el territorio bajo control de los militares israel\u00edes.<\/p>\n\n\n\n<blockquote class=\"wp-block-quote is-layout-flow wp-block-quote-is-layout-flow\">\n<p class=\"wp-block-paragraph\">&#8220;Controlamos 60 por ciento de la franja y no nos detendremos porque estamos eliminando a los terroristas que nos amenazan, y lo hacemos d\u00eda tras d\u00eda. Ayer capturamos al jefe de seguridad interna de Hamas&#8221;, agreg\u00f3 en un comunicado difundido por su oficina.<\/p>\n<\/blockquote>\n\n\n\n<p class=\"wp-block-paragraph\">Los\u00a0ataques israel\u00edes en Gaza contin\u00faan\u00a0casi a diario pese al alto el fuego impulsado por Estados Unidos. Israel sigue su ofensiva y argumenta que debe eliminar las amenazas de Hamas, que lider\u00f3 el ataque sin precedentes del 7 de octubre de 2023 contra Israel.<\/p>\n\n\n\n<p class=\"wp-block-paragraph\">Los llamados internacionales para avanzar en el plan de paz liderado por Estados Unidos no han impedido que Israel siga atacando a palestinos a quienes considera como combatientes.<\/p>\n\n\n\n<p class=\"wp-block-paragraph\">Netanyahu anunci\u00f3 el martes que las fuerzas israel\u00edes capturaron durante una operaci\u00f3n en Gaza a un alto mando de Hamas.<\/p>\n\n\n\n<p class=\"wp-block-paragraph\">El movimiento islamita y medios de prensa israel\u00edes identificaron al hombre como Muein al Arabid, jefe de seguridad interior del grupo.<\/p>\n\n\n\n<p class=\"wp-block-paragraph\">Fuente: La <a href=\"https:\/\/www.jornada.com.mx\/noticia\/2026\/09\/02\/mundo\/nos-quedaremos-netanyahu-durante-visita-a-la-franja-gaza\">Jornada<\/a><\/p>\n","protected":false},"excerpt":{"rendered":"<p>Durante una inusual visita a la franja de Gaza,\u00a0el primer ministro israel\u00ed, Benjamin Netanyahu, afirm\u00f3 este mi\u00e9rcoles que su pa\u00eds no tiene intenci\u00f3n de retirarse de las zonas que controla en este territorio palestino. Esta es la primera visita de Netanyahu a este territorio arrasado por la guerra desde el alto el fuego vigente desde [&hellip;]<\/p>\n","protected":false},"author":35,"featured_media":230924,"comment_status":"open","ping_status":"open","sticky":false,"template":"","format":"standard","meta":{"_monsterinsights_skip_tracking":false,"footnotes":""},"categories":[181],"tags":[28794],"class_list":["post-230921","post","type-post","status-publish","format-standard","has-post-thumbnail","hentry","category-internacional","tag-benjamin-netanyahu","wp-image-borders"],"amp_enabled":true,"_links":{"self":[{"href":"https:\/\/nvnoticias.mx\/index.php\/wp-json\/wp\/v2\/posts\/230921","targetHints":{"allow":["GET"]}}],"collection":[{"href":"https:\/\/nvnoticias.mx\/index.php\/wp-json\/wp\/v2\/posts"}],"about":[{"href":"https:\/\/nvnoticias.mx\/index.php\/wp-json\/wp\/v2\/types\/post"}],"author":[{"embeddable":true,"href":"https:\/\/nvnoticias.mx\/index.php\/wp-json\/wp\/v2\/users\/35"}],"replies":[{"embeddable":true,"href":"https:\/\/nvnoticias.mx\/index.php\/wp-json\/wp\/v2\/comments?post=230921"}],"version-history":[{"count":3,"href":"https:\/\/nvnoticias.mx\/index.php\/wp-json\/wp\/v2\/posts\/230921\/revisions"}],"predecessor-version":[{"id":230925,"href":"https:\/\/nvnoticias.mx\/index.php\/wp-json\/wp\/v2\/posts\/230921\/revisions\/230925"}],"wp:featuredmedia":[{"embeddable":true,"href":"https:\/\/nvnoticias.mx\/index.php\/wp-json\/wp\/v2\/media\/230924"}],"wp:attachment":[{"href":"https:\/\/nvnoticias.mx\/index.php\/wp-json\/wp\/v2\/media?parent=230921"}],"wp:term":[{"taxonomy":"category","embeddable":true,"href":"https:\/\/nvnoticias.mx\/index.php\/wp-json\/wp\/v2\/categories?post=230921"},{"taxonomy":"post_tag","embeddable":true,"href":"https:\/\/nvnoticias.mx\/index.php\/wp-json\/wp\/v2\/tags?post=230921"}],"curies":[{"name":"wp","href":"https:\/\/api.w.org\/{rel}","templated":true}]}}