{"id":230915,"date":"2026-09-02T12:12:55","date_gmt":"2026-09-02T18:12:55","guid":{"rendered":"https:\/\/nvnoticias.mx\/?p=230915"},"modified":"2026-09-02T12:13:03","modified_gmt":"2026-09-02T18:13:03","slug":"mexico-inicia-investigacion-antidumping-a-placas-de-acero-de-japon","status":"publish","type":"post","link":"https:\/\/nvnoticias.mx\/index.php\/2026\/09\/02\/mexico-inicia-investigacion-antidumping-a-placas-de-acero-de-japon\/","title":{"rendered":"M\u00e9xico inicia investigaci\u00f3n antidumping a placas de acero de Jap\u00f3n"},"content":{"rendered":"\n<p class=\"wp-block-paragraph\">M\u00e9xico inici\u00f3 una investigaci\u00f3n antidumping sobre las importaciones de placas de acero originarias de Jap\u00f3n, seg\u00fan una resoluci\u00f3n publicada este mi\u00e9rcoles en el Diario Oficial de la Federaci\u00f3n (DOF).<\/p>\n\n\n\n<p class=\"wp-block-paragraph\">La investigaci\u00f3n, admitida a tr\u00e1mite por la Secretar\u00eda de Econom\u00eda, fue solicitada por Grupo Acerero, que denunci\u00f3 pr\u00e1cticas comerciales internacionales desleales, concretamente discriminaci\u00f3n de precios, en las importaciones de placa de acero en hoja originarias de Jap\u00f3n.<\/p>\n\n\n\n<p class=\"wp-block-paragraph\">La resoluci\u00f3n establece el per\u00edodo de investigaci\u00f3n durante 2025 y el per\u00edodo de an\u00e1lisis de da\u00f1os desde enero de 2023 hasta diciembre de 2025.<\/p>\n\n\n\n<p class=\"wp-block-paragraph\">La investigaci\u00f3n antidumping se llevar\u00e1 a cabo sobre las importaciones de placa de acero originarias de Jap\u00f3n, independientemente del pa\u00eds de exportaci\u00f3n, seg\u00fan a\u00f1ade la resoluci\u00f3n publicada en el DOF.<\/p>\n\n\n\n<p class=\"wp-block-paragraph\">Fuente: La <a href=\"https:\/\/www.jornada.com.mx\/noticia\/2026\/09\/02\/economia\/mexico-inicia-investigacion-antidumping-a-placas-de-acero-de-japon\">Jornada<\/a><\/p>\n","protected":false},"excerpt":{"rendered":"<p>M\u00e9xico inici\u00f3 una investigaci\u00f3n antidumping sobre las importaciones de placas de acero originarias de Jap\u00f3n, seg\u00fan una resoluci\u00f3n publicada este mi\u00e9rcoles en el Diario Oficial de la Federaci\u00f3n (DOF). La investigaci\u00f3n, admitida a tr\u00e1mite por la Secretar\u00eda de Econom\u00eda, fue solicitada por Grupo Acerero, que denunci\u00f3 pr\u00e1cticas comerciales internacionales desleales, concretamente discriminaci\u00f3n de precios, en [&hellip;]<\/p>\n","protected":false},"author":35,"featured_media":230919,"comment_status":"open","ping_status":"open","sticky":false,"template":"","format":"standard","meta":{"_monsterinsights_skip_tracking":false,"footnotes":""},"categories":[158],"tags":[644,292],"class_list":["post-230915","post","type-post","status-publish","format-standard","has-post-thumbnail","hentry","category-politica","tag-japon","tag-mexico","wp-image-borders"],"amp_enabled":true,"_links":{"self":[{"href":"https:\/\/nvnoticias.mx\/index.php\/wp-json\/wp\/v2\/posts\/230915","targetHints":{"allow":["GET"]}}],"collection":[{"href":"https:\/\/nvnoticias.mx\/index.php\/wp-json\/wp\/v2\/posts"}],"about":[{"href":"https:\/\/nvnoticias.mx\/index.php\/wp-json\/wp\/v2\/types\/post"}],"author":[{"embeddable":true,"href":"https:\/\/nvnoticias.mx\/index.php\/wp-json\/wp\/v2\/users\/35"}],"replies":[{"embeddable":true,"href":"https:\/\/nvnoticias.mx\/index.php\/wp-json\/wp\/v2\/comments?post=230915"}],"version-history":[{"count":4,"href":"https:\/\/nvnoticias.mx\/index.php\/wp-json\/wp\/v2\/posts\/230915\/revisions"}],"predecessor-version":[{"id":230920,"href":"https:\/\/nvnoticias.mx\/index.php\/wp-json\/wp\/v2\/posts\/230915\/revisions\/230920"}],"wp:featuredmedia":[{"embeddable":true,"href":"https:\/\/nvnoticias.mx\/index.php\/wp-json\/wp\/v2\/media\/230919"}],"wp:attachment":[{"href":"https:\/\/nvnoticias.mx\/index.php\/wp-json\/wp\/v2\/media?parent=230915"}],"wp:term":[{"taxonomy":"category","embeddable":true,"href":"https:\/\/nvnoticias.mx\/index.php\/wp-json\/wp\/v2\/categories?post=230915"},{"taxonomy":"post_tag","embeddable":true,"href":"https:\/\/nvnoticias.mx\/index.php\/wp-json\/wp\/v2\/tags?post=230915"}],"curies":[{"name":"wp","href":"https:\/\/api.w.org\/{rel}","templated":true}]}}