{"id":230911,"date":"2026-09-02T12:07:15","date_gmt":"2026-09-02T18:07:15","guid":{"rendered":"https:\/\/nvnoticias.mx\/?p=230911"},"modified":"2026-09-02T12:07:22","modified_gmt":"2026-09-02T18:07:22","slug":"gobierno-de-sheinbaum-ha-suspendido-63-permisos-aduanales-por-vinculos-con-huachicol-y-otras-irregularidades","status":"publish","type":"post","link":"https:\/\/nvnoticias.mx\/index.php\/2026\/09\/02\/gobierno-de-sheinbaum-ha-suspendido-63-permisos-aduanales-por-vinculos-con-huachicol-y-otras-irregularidades\/","title":{"rendered":"Gobierno de Sheinbaum ha suspendido 63 permisos aduanales por v\u00ednculos con &#8216;huachicol&#8217; y otras irregularidades"},"content":{"rendered":"\n<p class=\"wp-block-paragraph\">Sesenta y tres permisos de agentes aduanales han sido retirados desde el inicio de la actual administraci\u00f3n federal por irregularidades vinculadas al contrabando de combustible y otras faltas, inform\u00f3 este mi\u00e9rcoles la presidenta Claudia Sheinbaum Pardo en su conferencia matutina.<\/p>\n\n\n\n<p class=\"wp-block-paragraph\">La mandataria explic\u00f3 en Palacio Nacional que la nueva Ley Aduanera fortaleci\u00f3 la corresponsabilidad de los agentes: &#8220;antes ten\u00edan responsabilidades, pero gozaban de todos los derechos&#8221; y &#8220;ahora tienen las responsabilidades, pero tambi\u00e9n son corresponsables en el caso de alg\u00fan delito o alguna irregularidad en aduanas&#8221;. A\u00f1adi\u00f3 que tambi\u00e9n se cancelaron permisos de recintos fiscales &#8220;donde se encontr\u00f3 que no cumpl\u00edan con lo que deben cumplir&#8221;.<\/p>\n\n\n\n<p class=\"wp-block-paragraph\">Sheinbaum detall\u00f3 que la recaudaci\u00f3n aduanera aument\u00f3 &#8220;cerca de 250 mil millones de pesos en 2025&#8221; respecto al a\u00f1o previo, aunque en los primeros meses de 2026 no se alcanzaron las metas por la apreciaci\u00f3n del peso frente al d\u00f3lar y por la anticipaci\u00f3n de importaciones, particularmente de autos en la aduana de Manzanillo, antes de la entrada en vigor de aranceles a pa\u00edses sin tratado de libre comercio: &#8220;aprovecharon para importar en diciembre. Entonces, se llenaron de inventarios las aduanas&#8221;. Sobre las empresas facturadoras, indic\u00f3 que el Servicio de Administraci\u00f3n Tributaria (SAT) ha cancelado los RFC de comercializadoras que &#8220;facturaban combustible cuando en realidad no transportaban combustible&#8221;.<\/p>\n\n\n\n<p class=\"wp-block-paragraph\">La Presidenta vincul\u00f3 estos resultados con la estabilidad del precio de la gasolina Magna, luego de la firma de un nuevo acuerdo voluntario con distribuidores para mantener en por debajo de 24 pesos el litro: &#8220;Me dec\u00edan los gasolineros, me daban las gracias porque me dec\u00edan que ahorita se ha podido mantener estos precios porque estamos vendiendo m\u00e1s, porque ha disminuido el contrabando&#8221;.<\/p>\n\n\n\n<p class=\"wp-block-paragraph\">Cuestionada sobre si se ha llamado a declarar al exsecretario de Marina, Rafael Ojeda, en relaci\u00f3n con la red de huachicol fiscal en la que la Fiscal\u00eda General de la Rep\u00fablica (FGR) ha presentado acusaciones de contrabando de combustible en contra sus sobrinos, los hermanos Roberto y Fernando Far\u00edas Laguna, ex altos mandos de la Secretar\u00eda de Marina-Armada de M\u00e9xico (Semar), Sheinbaum pidi\u00f3 a la propia Fiscal\u00eda detallar el caso &#8220;hasta donde pueda en su proceso judicial&#8221;.&nbsp;&nbsp;<\/p>\n\n\n\n<p class=\"wp-block-paragraph\">&#8220;Que la Fiscal\u00eda explique y no hay nada que esconder, absolutamente nada, tan es as\u00ed que el fiscal Gertz hace las primeras detenciones y despu\u00e9s la fiscal Ernestina sigue con la investigaci\u00f3n&#8221;.<\/p>\n\n\n\n<p class=\"wp-block-paragraph\">Fuente: La <a href=\"https:\/\/www.jornada.com.mx\/noticia\/2026\/09\/02\/politica\/gobierno-de-sheinbaum-ha-suspendidos-63-permisos-aduanales-por-vinculos-con-huachicol-y-otras-irregularidades\">Jornada<\/a><\/p>\n","protected":false},"excerpt":{"rendered":"<p>Sesenta y tres permisos de agentes aduanales han sido retirados desde el inicio de la actual administraci\u00f3n federal por irregularidades vinculadas al contrabando de combustible y otras faltas, inform\u00f3 este mi\u00e9rcoles la presidenta Claudia Sheinbaum Pardo en su conferencia matutina. La mandataria explic\u00f3 en Palacio Nacional que la nueva Ley Aduanera fortaleci\u00f3 la corresponsabilidad de [&hellip;]<\/p>\n","protected":false},"author":35,"featured_media":230913,"comment_status":"open","ping_status":"open","sticky":false,"template":"","format":"standard","meta":{"_monsterinsights_skip_tracking":false,"footnotes":""},"categories":[158],"tags":[2801,299],"class_list":["post-230911","post","type-post","status-publish","format-standard","has-post-thumbnail","hentry","category-politica","tag-claudia-sheinbaum","tag-gobierno","wp-image-borders"],"amp_enabled":true,"_links":{"self":[{"href":"https:\/\/nvnoticias.mx\/index.php\/wp-json\/wp\/v2\/posts\/230911","targetHints":{"allow":["GET"]}}],"collection":[{"href":"https:\/\/nvnoticias.mx\/index.php\/wp-json\/wp\/v2\/posts"}],"about":[{"href":"https:\/\/nvnoticias.mx\/index.php\/wp-json\/wp\/v2\/types\/post"}],"author":[{"embeddable":true,"href":"https:\/\/nvnoticias.mx\/index.php\/wp-json\/wp\/v2\/users\/35"}],"replies":[{"embeddable":true,"href":"https:\/\/nvnoticias.mx\/index.php\/wp-json\/wp\/v2\/comments?post=230911"}],"version-history":[{"count":2,"href":"https:\/\/nvnoticias.mx\/index.php\/wp-json\/wp\/v2\/posts\/230911\/revisions"}],"predecessor-version":[{"id":230914,"href":"https:\/\/nvnoticias.mx\/index.php\/wp-json\/wp\/v2\/posts\/230911\/revisions\/230914"}],"wp:featuredmedia":[{"embeddable":true,"href":"https:\/\/nvnoticias.mx\/index.php\/wp-json\/wp\/v2\/media\/230913"}],"wp:attachment":[{"href":"https:\/\/nvnoticias.mx\/index.php\/wp-json\/wp\/v2\/media?parent=230911"}],"wp:term":[{"taxonomy":"category","embeddable":true,"href":"https:\/\/nvnoticias.mx\/index.php\/wp-json\/wp\/v2\/categories?post=230911"},{"taxonomy":"post_tag","embeddable":true,"href":"https:\/\/nvnoticias.mx\/index.php\/wp-json\/wp\/v2\/tags?post=230911"}],"curies":[{"name":"wp","href":"https:\/\/api.w.org\/{rel}","templated":true}]}}