{"id":230901,"date":"2026-09-02T09:53:03","date_gmt":"2026-09-02T15:53:03","guid":{"rendered":"https:\/\/nvnoticias.mx\/?p=230901"},"modified":"2026-09-02T09:53:30","modified_gmt":"2026-09-02T15:53:30","slug":"sheinbaum-asegura-que-eu-sigue-sin-presentar-pruebas-adicionales-sobre-rocha-moya-y-funcionarios-senalados","status":"publish","type":"post","link":"https:\/\/nvnoticias.mx\/index.php\/2026\/09\/02\/sheinbaum-asegura-que-eu-sigue-sin-presentar-pruebas-adicionales-sobre-rocha-moya-y-funcionarios-senalados\/","title":{"rendered":"Sheinbaum asegura que EU sigue sin presentar pruebas adicionales sobre Rocha Moya y funcionarios se\u00f1alados"},"content":{"rendered":"\n<p class=\"wp-block-paragraph\">Aun cuando el Departamento de Justicia de Estados Unidos solicit\u00f3 la detenci\u00f3n con fines de extradici\u00f3n de diez funcionarios mexicanos -entre ellos&nbsp;<a href=\"https:\/\/www.jornada.com.mx\/noticia\/2026\/08\/28\/opinion\/rocha-moya-en-el-ocaso\">el gobernador con licencia de Sinaloa, Rub\u00e9n Rocha Moya<\/a>-, hasta ahora no han presentado pruebas adicionales para ratificar su petici\u00f3n, asegur\u00f3 la presidenta Claudia Sheinbaum Pardo.<\/p>\n\n\n\n<p class=\"wp-block-paragraph\">\u201cHasta ahora la respuesta de Estados Unidos ha sido que no tendr\u00edan por qu\u00e9 para, lo que ellos pidieron fue la detenci\u00f3n urgente con fines de extradici\u00f3n, que no tendr\u00edan por qu\u00e9 mostrar una prueba adicional. Es lo que hasta ahora han contestado, todav\u00eda podr\u00edan mostrar una prueba, pero hasta ahora no\u201d.<\/p>\n\n\n\n<p class=\"wp-block-paragraph\">En la ma\u00f1anera de este mi\u00e9rcoles se le cuestion\u00f3 si como \u201cacto de confianza\u201d M\u00e9xico podr\u00eda extraditar \u2014sin esas pruebas\u2014 a Rocha y otros funcionarios para que en un posible juicio en territorio estadunidense se mostraran m\u00e1s elementos, la mandataria ataj\u00f3:<\/p>\n\n\n\n<p class=\"wp-block-paragraph\">\u201cNo, ellos tambi\u00e9n nos piden pruebas, es una relaci\u00f3n rec\u00edproca. Primero es nuestra Constituci\u00f3n y nuestra leyes. Cuando hay una orden de aprehensi\u00f3n contra una persona tiene que haber documentaci\u00f3n, de acuerdo a nuestro sistema penal acusatorio.<\/p>\n\n\n\n<p class=\"wp-block-paragraph\">\u201cHay una diferencia muy grande entre el sistema de Estados Unidos y el nuestro. En Estados Unidos los testimonios se toman como pruebas&nbsp;<em>per se<\/em>, en M\u00e9xico no, en M\u00e9xico se requieren otro tipo de pruebas para declarar a alguien culpable o presunto culpable de un delito, para abrirle una carpeta de investigaci\u00f3n. Son sistemas penales diferentes, lo que funciona en Estados Unidos no necesariamente es lo mismo en M\u00e9xico\u201d.<\/p>\n\n\n\n<p class=\"wp-block-paragraph\">La jefa del Ejecutivo apunt\u00f3 que cuando es al rev\u00e9s y M\u00e9xico solicita una extradici\u00f3n, las autoridades de justicia del vecino del norte piden mayores elementos y pruebas para sostener dicha solicitud.<\/p>\n\n\n\n<p class=\"wp-block-paragraph\">Fuente: La <a href=\"https:\/\/www.jornada.com.mx\/noticia\/2026\/09\/02\/politica\/sheinbaum-asegura-que-eu-sigue-sin-presentar-pruebas-adicionales-para-detener-a-rocha-y-a-funcionarios-senalados\">Jornada<\/a><\/p>\n\n\n\n<p class=\"wp-block-paragraph\"><\/p>\n","protected":false},"excerpt":{"rendered":"<p>Aun cuando el Departamento de Justicia de Estados Unidos solicit\u00f3 la detenci\u00f3n con fines de extradici\u00f3n de diez funcionarios mexicanos -entre ellos&nbsp;el gobernador con licencia de Sinaloa, Rub\u00e9n Rocha Moya-, hasta ahora no han presentado pruebas adicionales para ratificar su petici\u00f3n, asegur\u00f3 la presidenta Claudia Sheinbaum Pardo. \u201cHasta ahora la respuesta de Estados Unidos ha [&hellip;]<\/p>\n","protected":false},"author":35,"featured_media":230904,"comment_status":"open","ping_status":"open","sticky":false,"template":"","format":"standard","meta":{"_monsterinsights_skip_tracking":false,"footnotes":""},"categories":[158],"tags":[2801,183,162,31404],"class_list":["post-230901","post","type-post","status-publish","format-standard","has-post-thumbnail","hentry","category-politica","tag-claudia-sheinbaum","tag-estados-unidos","tag-portada","tag-ruben-rocha-moya-2","wp-image-borders"],"amp_enabled":true,"_links":{"self":[{"href":"https:\/\/nvnoticias.mx\/index.php\/wp-json\/wp\/v2\/posts\/230901","targetHints":{"allow":["GET"]}}],"collection":[{"href":"https:\/\/nvnoticias.mx\/index.php\/wp-json\/wp\/v2\/posts"}],"about":[{"href":"https:\/\/nvnoticias.mx\/index.php\/wp-json\/wp\/v2\/types\/post"}],"author":[{"embeddable":true,"href":"https:\/\/nvnoticias.mx\/index.php\/wp-json\/wp\/v2\/users\/35"}],"replies":[{"embeddable":true,"href":"https:\/\/nvnoticias.mx\/index.php\/wp-json\/wp\/v2\/comments?post=230901"}],"version-history":[{"count":3,"href":"https:\/\/nvnoticias.mx\/index.php\/wp-json\/wp\/v2\/posts\/230901\/revisions"}],"predecessor-version":[{"id":230905,"href":"https:\/\/nvnoticias.mx\/index.php\/wp-json\/wp\/v2\/posts\/230901\/revisions\/230905"}],"wp:featuredmedia":[{"embeddable":true,"href":"https:\/\/nvnoticias.mx\/index.php\/wp-json\/wp\/v2\/media\/230904"}],"wp:attachment":[{"href":"https:\/\/nvnoticias.mx\/index.php\/wp-json\/wp\/v2\/media?parent=230901"}],"wp:term":[{"taxonomy":"category","embeddable":true,"href":"https:\/\/nvnoticias.mx\/index.php\/wp-json\/wp\/v2\/categories?post=230901"},{"taxonomy":"post_tag","embeddable":true,"href":"https:\/\/nvnoticias.mx\/index.php\/wp-json\/wp\/v2\/tags?post=230901"}],"curies":[{"name":"wp","href":"https:\/\/api.w.org\/{rel}","templated":true}]}}