{"id":230895,"date":"2026-09-02T09:50:27","date_gmt":"2026-09-02T15:50:27","guid":{"rendered":"https:\/\/nvnoticias.mx\/?p=230895"},"modified":"2026-09-02T09:50:36","modified_gmt":"2026-09-02T15:50:36","slug":"sep-pedira-a-unam-datos-geograficos-de-aspirantes-para-definir-donde-abrir-opciones-de-nivel-superior-sheinbaum","status":"publish","type":"post","link":"https:\/\/nvnoticias.mx\/index.php\/2026\/09\/02\/sep-pedira-a-unam-datos-geograficos-de-aspirantes-para-definir-donde-abrir-opciones-de-nivel-superior-sheinbaum\/","title":{"rendered":"SEP pedir\u00e1 a UNAM datos geogr\u00e1ficos de aspirantes para definir d\u00f3nde abrir opciones de nivel superior: Sheinbaum"},"content":{"rendered":"\n<p class=\"wp-block-paragraph\">Tras el cierre del proceso de admisi\u00f3n a la UNAM, la Secretar\u00eda de Educaci\u00f3n P\u00fablica (SEP) pedir\u00e1 a la universidad los datos de procedencia geogr\u00e1fica de los aspirantes no aceptados \u2014sin informaci\u00f3n personal\u2014 para definir d\u00f3nde abrir nuevas opciones de educaci\u00f3n superior, se\u00f1al\u00f3 este mi\u00e9rcoles la presidenta Claudia Sheinbaum Pardo en su conferencia matutina en Palacio Nacional.<\/p>\n\n\n\n<p class=\"wp-block-paragraph\">&#8220;Ahora que ya la UNAM termin\u00f3, lo que les estamos pidiendo es que nos compartan de d\u00f3nde eran los estudiantes que solicitaron entrar o hacer el examen de admisi\u00f3n. No queremos la informaci\u00f3n personal porque es algo privado. Pero s\u00ed se puede compartir de d\u00f3nde ven\u00edan los estudiantes que quer\u00edan presentar el examen&#8221;, explic\u00f3.<\/p>\n\n\n\n<p class=\"wp-block-paragraph\">La mandataria dijo que con esos datos el gobierno federal busca identificar d\u00f3nde se concentra la mayor demanda de educaci\u00f3n superior para decidir d\u00f3nde construir nuevos planteles o negociar con universidades ya establecidas la apertura de m\u00e1s espacios. Se\u00f1al\u00f3 que en la zona metropolitana del Valle de M\u00e9xico, particularmente en el Estado de M\u00e9xico, existe una demanda muy importante que no ha sido atendida.<\/p>\n\n\n\n<p class=\"wp-block-paragraph\">&#8220;Es evidente que en la zona metropolitana del Valle de M\u00e9xico hay una demanda muy importante, particularmente en el Estado de M\u00e9xico, donde se construyeron muy pocas universidades, muy pocas opciones&#8221;, afirm\u00f3. Record\u00f3 que mientras en la Ciudad de M\u00e9xico se crearon la Universidad Aut\u00f3noma de la Ciudad de M\u00e9xico, durante el gobierno de Andr\u00e9s Manuel L\u00f3pez Obrador, y la Universidad Rosario Castellanos, con la actual administraci\u00f3n, en el Estado de M\u00e9xico &#8220;pr\u00e1cticamente no se crearon nuevos espacios&#8221;, pese a ser la entidad con mayor poblaci\u00f3n y mayor n\u00famero de j\u00f3venes en el pa\u00eds.<\/p>\n\n\n\n<p class=\"wp-block-paragraph\">Por ello, indic\u00f3, se construyen nuevos planteles de la Universidad Nacional Rosario Castellanos y de las universidades del Bienestar Benito Ju\u00e1rez en al menos 10 municipios de la Zona Metropolitana del Valle de M\u00e9xico, en el Estado de M\u00e9xico, de manera que en cada uno de ellos haya por lo menos un plantel de la Rosario Castellanos. El objetivo, dijo, es contar con m\u00e1s espacios de educaci\u00f3n superior para el pr\u00f3ximo a\u00f1o.<\/p>\n\n\n\n<p class=\"wp-block-paragraph\">Sheinbaum Pardo se\u00f1al\u00f3 que gracias a los acuerdos con distintas instituciones \u2014entre ellas el Instituto Polit\u00e9cnico Nacional, el Tecnol\u00f3gico Nacional de M\u00e9xico y universidades aut\u00f3nomas estatales\u2014 se ofrecen alrededor de 300 mil espacios, incluida la modalidad a distancia, para j\u00f3venes que no lograron ingresar a la UNAM. En total, dijo, en lo que va del sexenio se han abierto 245 mil nuevos espacios de educaci\u00f3n superior a nivel nacional en universidades e instituciones p\u00fablicas, sin contar a la UNAM.<\/p>\n\n\n\n<p class=\"wp-block-paragraph\">Cuestionada sobre si reiteraba su llamado a la UNAM para hacer un mayor esfuerzo de austeridad y para abrir m\u00e1s espacios para estudiantes, la presidenta respondi\u00f3 que, en su opini\u00f3n, la m\u00e1xima casa de estudios podr\u00eda aplicar &#8220;un esfuerzo de austeridad republicana en la parte administrativa&#8221; y reorientar esos recursos hacia la docencia, aunque aclar\u00f3 que la decisi\u00f3n corresponde a la propia instituci\u00f3n por tratarse de una universidad aut\u00f3noma.<\/p>\n\n\n\n<p class=\"wp-block-paragraph\">&#8220;Nosotros hicimos este llamado a la austeridad republicana hace 2 a\u00f1os y la UNAM hizo un primer esfuerzo. Nosotros creemos que todav\u00eda se puede hacer otro esfuerzo&#8221;, dijo, y a\u00f1adi\u00f3 que el gobierno federal aplic\u00f3 un ahorro adicional de 200 mil millones de pesos entre 2025 y 2026, recursos que se destinaron a incrementos salariales para trabajadores de base, un alza de entre 9 y 10 por ciento para maestros, y programas de bienestar.<\/p>\n\n\n\n<p class=\"wp-block-paragraph\">Fuente: La <a href=\"https:\/\/www.jornada.com.mx\/noticia\/2026\/09\/02\/politica\/sep-pedira-a-unam-datos-geograficos-de-aspirantes-no-aceptados-para-definir-donde-abrir-opciones-de-nivel-superior-sheinbaum\">Jornada<\/a> <\/p>\n","protected":false},"excerpt":{"rendered":"<p>Tras el cierre del proceso de admisi\u00f3n a la UNAM, la Secretar\u00eda de Educaci\u00f3n P\u00fablica (SEP) pedir\u00e1 a la universidad los datos de procedencia geogr\u00e1fica de los aspirantes no aceptados \u2014sin informaci\u00f3n personal\u2014 para definir d\u00f3nde abrir nuevas opciones de educaci\u00f3n superior, se\u00f1al\u00f3 este mi\u00e9rcoles la presidenta Claudia Sheinbaum Pardo en su conferencia matutina en [&hellip;]<\/p>\n","protected":false},"author":35,"featured_media":230899,"comment_status":"open","ping_status":"open","sticky":false,"template":"","format":"standard","meta":{"_monsterinsights_skip_tracking":false,"footnotes":""},"categories":[157],"tags":[2801,162,490,1889],"class_list":["post-230895","post","type-post","status-publish","format-standard","has-post-thumbnail","hentry","category-nacional","tag-claudia-sheinbaum","tag-portada","tag-sep","tag-unam","wp-image-borders"],"amp_enabled":true,"_links":{"self":[{"href":"https:\/\/nvnoticias.mx\/index.php\/wp-json\/wp\/v2\/posts\/230895","targetHints":{"allow":["GET"]}}],"collection":[{"href":"https:\/\/nvnoticias.mx\/index.php\/wp-json\/wp\/v2\/posts"}],"about":[{"href":"https:\/\/nvnoticias.mx\/index.php\/wp-json\/wp\/v2\/types\/post"}],"author":[{"embeddable":true,"href":"https:\/\/nvnoticias.mx\/index.php\/wp-json\/wp\/v2\/users\/35"}],"replies":[{"embeddable":true,"href":"https:\/\/nvnoticias.mx\/index.php\/wp-json\/wp\/v2\/comments?post=230895"}],"version-history":[{"count":4,"href":"https:\/\/nvnoticias.mx\/index.php\/wp-json\/wp\/v2\/posts\/230895\/revisions"}],"predecessor-version":[{"id":230900,"href":"https:\/\/nvnoticias.mx\/index.php\/wp-json\/wp\/v2\/posts\/230895\/revisions\/230900"}],"wp:featuredmedia":[{"embeddable":true,"href":"https:\/\/nvnoticias.mx\/index.php\/wp-json\/wp\/v2\/media\/230899"}],"wp:attachment":[{"href":"https:\/\/nvnoticias.mx\/index.php\/wp-json\/wp\/v2\/media?parent=230895"}],"wp:term":[{"taxonomy":"category","embeddable":true,"href":"https:\/\/nvnoticias.mx\/index.php\/wp-json\/wp\/v2\/categories?post=230895"},{"taxonomy":"post_tag","embeddable":true,"href":"https:\/\/nvnoticias.mx\/index.php\/wp-json\/wp\/v2\/tags?post=230895"}],"curies":[{"name":"wp","href":"https:\/\/api.w.org\/{rel}","templated":true}]}}