{"id":230890,"date":"2026-09-02T09:47:15","date_gmt":"2026-09-02T15:47:15","guid":{"rendered":"https:\/\/nvnoticias.mx\/?p=230890"},"modified":"2026-09-02T09:47:23","modified_gmt":"2026-09-02T15:47:23","slug":"sheinbaum-descarta-intervencion-de-amlo-en-su-gobierno","status":"publish","type":"post","link":"https:\/\/nvnoticias.mx\/index.php\/2026\/09\/02\/sheinbaum-descarta-intervencion-de-amlo-en-su-gobierno\/","title":{"rendered":"Sheinbaum descarta intervenci\u00f3n de AMLO en su gobierno"},"content":{"rendered":"\n<p class=\"wp-block-paragraph\">Dedicado a terminar su segundo libro y alejado de la vida p\u00fablica, el ex presidente Andr\u00e9s Manuel L\u00f3pez Obrador no ha intervenido en ninguna decisi\u00f3n de su gobierno, afirm\u00f3 este mi\u00e9rcoles&nbsp;<a href=\"https:\/\/www.jornada.com.mx\/noticia\/2026\/09\/02\/politica\/sobre-ataque-en-zacatecas-con-coche-bomba-informara-el-gabinete-de-seguridad-el-viernes-sheinbaum\">la presidenta Claudia Sheinbaum Pardo<\/a>, quien consider\u00f3 &#8220;extremadamente respetuoso&#8221; y descart\u00f3 una pugna entre ambos.<\/p>\n\n\n\n<p class=\"wp-block-paragraph\">&#8220;El presidente Andr\u00e9s Manuel L\u00f3pez Obrador ha sido sumamente respetuoso con nuestro gobierno [\u2026] No ha habido una sola llamada que me haya dicho: haz esto, haz aquello&#8221;, dijo la mandataria en la primera rueda de prensa luego de su segundo informe de gobierno.<\/p>\n\n\n\n<p class=\"wp-block-paragraph\">Sheinbaum calific\u00f3 en Palacio Nacional de &#8220;muy machista&#8221; la idea de que L\u00f3pez Obrador contin\u00faa gobernando desde fuera del cargo. &#8220;Esta idea de que detr\u00e1s de la presidenta est\u00e1 gobernando L\u00f3pez Obrador pues es una idea muy machista, la verdad. De que las mujeres no tenemos ninguna posibilidad de desarrollar el gobierno&#8221;, dijo, y a\u00f1adi\u00f3 que las versiones sobre una pugna interna, surgidas a ra\u00edz de los casos de Sinaloa y del gobernador con licencia Rub\u00e9n Rocha Moya, buscan &#8220;debilitar al movimiento&#8221; que representa.<\/p>\n\n\n\n<p class=\"wp-block-paragraph\">La presidenta se refiri\u00f3 as\u00ed a las encuestas que le dan alrededor de 70 por ciento de aprobaci\u00f3n y atribuy\u00f3 ese respaldo al cumplimiento de los compromisos hechos durante la campa\u00f1a y a principios de &#8220;no robar, no mentir, no traicionar al pueblo&#8221;. Agreg\u00f3 que la definici\u00f3n de candidaturas dentro de Morena corresponde a encuestas y no a decisiones suyas ni de L\u00f3pez Obrador, lo cual, dijo, da cohesi\u00f3n al movimiento.<\/p>\n\n\n\n<p class=\"wp-block-paragraph\">En otro momento de la conferencia, Sheinbaum sostuvo que el hecho de que no haya divisiones al interior del movimiento, no significa que vaya a haber una defensa ultranza de sus miembros en caso de que comentan alguna falta o delito.<\/p>\n\n\n\n<p class=\"wp-block-paragraph\">Al arrancar la glosa del informe, se present\u00f3 un resumen de que solo en la actual legislatura del Congreso de la Uni\u00f3n se han aprobado 27 reformas constitucionales y 76 reformas legales ordinarias. Sheinbaum dijo que estos cambios han servido para revertir buena parte de lo impulsado durante el periodo neoliberal.<\/p>\n\n\n\n<p class=\"wp-block-paragraph\">Fuente: La <a href=\"https:\/\/www.jornada.com.mx\/noticia\/2026\/09\/02\/politica\/sheinbaum-descarta-intervencion-de-amlo-en-su-gobierno-esta-alejado-de-la-vida-publica-y-escribe-su-segundo-libro\">Jornada<\/a> <\/p>\n","protected":false},"excerpt":{"rendered":"<p>Dedicado a terminar su segundo libro y alejado de la vida p\u00fablica, el ex presidente Andr\u00e9s Manuel L\u00f3pez Obrador no ha intervenido en ninguna decisi\u00f3n de su gobierno, afirm\u00f3 este mi\u00e9rcoles&nbsp;la presidenta Claudia Sheinbaum Pardo, quien consider\u00f3 &#8220;extremadamente respetuoso&#8221; y descart\u00f3 una pugna entre ambos. &#8220;El presidente Andr\u00e9s Manuel L\u00f3pez Obrador ha sido sumamente respetuoso [&hellip;]<\/p>\n","protected":false},"author":35,"featured_media":230893,"comment_status":"open","ping_status":"open","sticky":false,"template":"","format":"standard","meta":{"_monsterinsights_skip_tracking":false,"footnotes":""},"categories":[158],"tags":[188,2801,162],"class_list":["post-230890","post","type-post","status-publish","format-standard","has-post-thumbnail","hentry","category-politica","tag-amlo","tag-claudia-sheinbaum","tag-portada","wp-image-borders"],"amp_enabled":true,"_links":{"self":[{"href":"https:\/\/nvnoticias.mx\/index.php\/wp-json\/wp\/v2\/posts\/230890","targetHints":{"allow":["GET"]}}],"collection":[{"href":"https:\/\/nvnoticias.mx\/index.php\/wp-json\/wp\/v2\/posts"}],"about":[{"href":"https:\/\/nvnoticias.mx\/index.php\/wp-json\/wp\/v2\/types\/post"}],"author":[{"embeddable":true,"href":"https:\/\/nvnoticias.mx\/index.php\/wp-json\/wp\/v2\/users\/35"}],"replies":[{"embeddable":true,"href":"https:\/\/nvnoticias.mx\/index.php\/wp-json\/wp\/v2\/comments?post=230890"}],"version-history":[{"count":3,"href":"https:\/\/nvnoticias.mx\/index.php\/wp-json\/wp\/v2\/posts\/230890\/revisions"}],"predecessor-version":[{"id":230894,"href":"https:\/\/nvnoticias.mx\/index.php\/wp-json\/wp\/v2\/posts\/230890\/revisions\/230894"}],"wp:featuredmedia":[{"embeddable":true,"href":"https:\/\/nvnoticias.mx\/index.php\/wp-json\/wp\/v2\/media\/230893"}],"wp:attachment":[{"href":"https:\/\/nvnoticias.mx\/index.php\/wp-json\/wp\/v2\/media?parent=230890"}],"wp:term":[{"taxonomy":"category","embeddable":true,"href":"https:\/\/nvnoticias.mx\/index.php\/wp-json\/wp\/v2\/categories?post=230890"},{"taxonomy":"post_tag","embeddable":true,"href":"https:\/\/nvnoticias.mx\/index.php\/wp-json\/wp\/v2\/tags?post=230890"}],"curies":[{"name":"wp","href":"https:\/\/api.w.org\/{rel}","templated":true}]}}