{"id":230880,"date":"2026-09-01T20:20:26","date_gmt":"2026-09-02T02:20:26","guid":{"rendered":"https:\/\/nvnoticias.mx\/?p=230880"},"modified":"2026-09-01T20:20:33","modified_gmt":"2026-09-02T02:20:33","slug":"nahle-pide-a-imss-bienestar-que-resuelva-desabasto-de-insumos-medicos","status":"publish","type":"post","link":"https:\/\/nvnoticias.mx\/index.php\/2026\/09\/01\/nahle-pide-a-imss-bienestar-que-resuelva-desabasto-de-insumos-medicos\/","title":{"rendered":"Nahle pide a IMSS Bienestar que resuelva desabasto de insumos m\u00e9dicos"},"content":{"rendered":"\n<p class=\"wp-block-paragraph\"><\/p>\n\n\n\n<p class=\"wp-block-paragraph\">La gobernadora de Veracruz, Roc\u00edo Nahle Garc\u00eda, asegur\u00f3 que esta misma semana comenzar\u00e1 a resolverse el desabasto de insumos m\u00e9dicos registrado en algunos hospitales que operan bajo el esquema del IMSS-Bienestar.<\/p>\n\n\n\n<p class=\"wp-block-paragraph\">En entrevista radiof\u00f3nica, la mandataria estatal explic\u00f3 que, tras recibir reportes sobre la falta de material, principalmente para procedimientos quir\u00fargicos, se comunic\u00f3 directamente con el director del IMSS-Bienestar, Alejandro Svarch P\u00e9rez.<\/p>\n\n\n\n<p class=\"wp-block-paragraph\">De acuerdo con Nahle Garc\u00eda, el funcionario se comprometi\u00f3 a iniciar entre este lunes y martes el env\u00edo de los suministros necesarios a Veracruz.<\/p>\n\n\n\n<p class=\"wp-block-paragraph\">\u201cEn los hospitales del IMSS-Bienestar comenzamos a tener reportes de falta de material de curaci\u00f3n, sobre todo de quir\u00f3fano, claro que me alert\u00f3, entonces habl\u00e9 con el director del IMSS-Bienestar y qued\u00f3 que esta semana, de hoy a ma\u00f1ana, comienza a llegar el material\u201d, explic\u00f3.<\/p>\n\n\n\n<p class=\"wp-block-paragraph\">La gobernadora se\u00f1al\u00f3 que, si los insumos no llegan durante esta semana, su administraci\u00f3n est\u00e1 preparada para adquirirlos directamente y posteriormente solicitar al IMSS-Bienestar el reembolso de los recursos utilizados.<\/p>\n\n\n\n<p class=\"wp-block-paragraph\">\u201cY si no, hicimos un acuerdo que si no llega, comprarlo y que sea una parte de ajuste financiero que tenga Veracruz con \u00e9l, con ellos\u201d, detall\u00f3.<\/p>\n\n\n\n<p class=\"wp-block-paragraph\">Nahle afirm\u00f3 que en materia de medicamentos se ha registrado un avance importante; sin embargo, reconoci\u00f3 que recientemente recibi\u00f3 reportes relacionados con la falta de material hospitalario.<\/p>\n\n\n\n<p class=\"wp-block-paragraph\">La situaci\u00f3n tambi\u00e9n fue denunciada la semana pasada por personal m\u00e9dico del Centro de Alta Especialidad \u201cDr. Rafael Lucio\u201d, en Xalapa, donde trabajadores colocaron un comunicado en los pasillos del hospital para informar a pacientes y familiares sobre la escasez de material quir\u00fargico.<\/p>\n\n\n\n<p class=\"wp-block-paragraph\">Ante la falta de insumos, m\u00e9dicos y enfermeras habr\u00edan tenido que adquirir con recursos propios algunos art\u00edculos necesarios para realizar sus labores, entre ellos guantes y term\u00f3metros.<\/p>\n\n\n\n<p class=\"wp-block-paragraph\">Con este panorama, el gobierno estatal espera que el suministro comprometido por el IMSS-Bienestar comience a llegar en los pr\u00f3ximos d\u00edas; de lo contrario, Veracruz asumir\u00e1 temporalmente la compra del material para evitar afectaciones en la atenci\u00f3n m\u00e9dica.<\/p>\n\n\n\n<p class=\"wp-block-paragraph\"><\/p>\n","protected":false},"excerpt":{"rendered":"<p>La gobernadora de Veracruz, Roc\u00edo Nahle Garc\u00eda, asegur\u00f3 que esta misma semana comenzar\u00e1 a resolverse el desabasto de insumos m\u00e9dicos registrado en algunos hospitales que operan bajo el esquema del IMSS-Bienestar. En entrevista radiof\u00f3nica, la mandataria estatal explic\u00f3 que, tras recibir reportes sobre la falta de material, principalmente para procedimientos quir\u00fargicos, se comunic\u00f3 directamente con [&hellip;]<\/p>\n","protected":false},"author":8,"featured_media":230881,"comment_status":"open","ping_status":"open","sticky":false,"template":"","format":"standard","meta":{"_monsterinsights_skip_tracking":false,"footnotes":""},"categories":[156],"tags":[3118,1594],"class_list":["post-230880","post","type-post","status-publish","format-standard","has-post-thumbnail","hentry","category-estado","tag-imss-bienestar","tag-rocio-nahle","wp-image-borders"],"amp_enabled":true,"_links":{"self":[{"href":"https:\/\/nvnoticias.mx\/index.php\/wp-json\/wp\/v2\/posts\/230880","targetHints":{"allow":["GET"]}}],"collection":[{"href":"https:\/\/nvnoticias.mx\/index.php\/wp-json\/wp\/v2\/posts"}],"about":[{"href":"https:\/\/nvnoticias.mx\/index.php\/wp-json\/wp\/v2\/types\/post"}],"author":[{"embeddable":true,"href":"https:\/\/nvnoticias.mx\/index.php\/wp-json\/wp\/v2\/users\/8"}],"replies":[{"embeddable":true,"href":"https:\/\/nvnoticias.mx\/index.php\/wp-json\/wp\/v2\/comments?post=230880"}],"version-history":[{"count":1,"href":"https:\/\/nvnoticias.mx\/index.php\/wp-json\/wp\/v2\/posts\/230880\/revisions"}],"predecessor-version":[{"id":230882,"href":"https:\/\/nvnoticias.mx\/index.php\/wp-json\/wp\/v2\/posts\/230880\/revisions\/230882"}],"wp:featuredmedia":[{"embeddable":true,"href":"https:\/\/nvnoticias.mx\/index.php\/wp-json\/wp\/v2\/media\/230881"}],"wp:attachment":[{"href":"https:\/\/nvnoticias.mx\/index.php\/wp-json\/wp\/v2\/media?parent=230880"}],"wp:term":[{"taxonomy":"category","embeddable":true,"href":"https:\/\/nvnoticias.mx\/index.php\/wp-json\/wp\/v2\/categories?post=230880"},{"taxonomy":"post_tag","embeddable":true,"href":"https:\/\/nvnoticias.mx\/index.php\/wp-json\/wp\/v2\/tags?post=230880"}],"curies":[{"name":"wp","href":"https:\/\/api.w.org\/{rel}","templated":true}]}}